{"id":14986,"date":"2025-05-20T13:02:53","date_gmt":"2025-05-20T19:02:53","guid":{"rendered":"https:\/\/alcierrenoticias.com\/?p=14986"},"modified":"2025-05-20T15:34:10","modified_gmt":"2025-05-20T21:34:10","slug":"capacita-u-r-g-e-a-mas-de-30-elementos-de-pc-y-bomberos-de-meoqui","status":"publish","type":"post","link":"https:\/\/alcierrenoticias.com\/index.php\/2025\/05\/20\/capacita-u-r-g-e-a-mas-de-30-elementos-de-pc-y-bomberos-de-meoqui\/","title":{"rendered":"Capacita U.R.G.E. a m\u00e1s de 30 elementos de PC y Bomberos de Meoqui."},"content":{"rendered":"<p>\u201cEn Meoqui est\u00e1n dando un paso adelante al ofrecer una formaci\u00f3n m\u00e1s completa en primeros auxilios y atenci\u00f3n pre hospitalaria&#8221;: Coordinador de Prevenci\u00f3n de Accidentes del Distrito 1 de Chihuahua<\/p>\n<p>Continuando con la capacitaci\u00f3n constante a los elementos de la Direcci\u00f3n de Seguridad P\u00fablica Municipal de Meoqui y gracias a las gestiones de la alcaldesa Miriam Soto, la Coordinaci\u00f3n de Protecci\u00f3n Civil y Bomberos recibir\u00e1, durante una semana, la capacitaci\u00f3n en primeros auxilios y atenci\u00f3n prehospitalaria por parte de Urgencias de Chihuahua, dirigido a 30 elementos activos y voluntarios.<\/p>\n<p>Erick Ortiz, coordinador de Prevenci\u00f3n de Accidentes del Distrito 1 de Chihuahua y encargado de parte de la capacitaci\u00f3n, destac\u00f3 la relevancia del curso: \u201cUno de los principales problemas a nivel nacional es la falta de preparaci\u00f3n adecuada del personal de emergencias. Aqu\u00ed en Meoqui est\u00e1n dando un paso adelante al ofrecer una formaci\u00f3n m\u00e1s completa que permitir\u00e1 una atenci\u00f3n de mayor calidad y calidez.&#8221;<\/p>\n<p>Los elementos reciben formaci\u00f3n en diferentes \u00e1reas como primeros auxilios y RCP b\u00e1sico, uso y manejo del DEA, movimiento y atenci\u00f3n de pacientes politraumatizados, uso adecuado del monitor desfibrilador, t\u00e9cnicas de traslado y manejo correcto de camillas, verificaci\u00f3n y operaci\u00f3n de unidades de ambulancia, entre otros.<\/p>\n<p>&#8220;Esta capacitaci\u00f3n es vital, especialmente para los elementos nuevos, pero tambi\u00e9n representa una retroalimentaci\u00f3n para todo el personal, entre mejor preparados est\u00e9n, brindar\u00e1n un mejor servicio a la comunidad&#8221;, se\u00f1al\u00f3 Eduardo Guillen, coordinador de Protecci\u00f3n Civil y Bomberos de Meoqui, a\u00f1adiendo que una vez concluida esta etapa formativa en atenci\u00f3n prehospitalaria, se tiene programada una siguiente fase enfocada en capacitaci\u00f3n en temas de bomberos.<\/p>\n<p>Finalmente, Eduardo Guillen mencion\u00f3 que estas capacitaciones reafirman el compromiso de la alcaldesa Miriam Soto por garantizar servicios de emergencia m\u00e1s eficientes para salvaguardar la integridad de los meoquenses.<\/p>\n","protected":false},"excerpt":{"rendered":"<p>\u201cEn Meoqui est\u00e1n dando un paso adelante al ofrecer una formaci\u00f3n m\u00e1s completa en primeros auxilios y atenci\u00f3n pre hospitalaria&#8221;: Coordinador de Prevenci\u00f3n de Accidentes del Distrito 1 de Chihuahua Continuando con la capacitaci\u00f3n constante a los elementos de la Direcci\u00f3n de Seguridad P\u00fablica Municipal de Meoqui y gracias a las gestiones de la alcaldesa Miriam Soto, la Coordinaci\u00f3n de Protecci\u00f3n Civil y Bomberos recibir\u00e1, durante una semana, la capacitaci\u00f3n en primeros auxilios y atenci\u00f3n prehospitalaria por parte de Urgencias de Chihuahua, dirigido a 30 elementos activos y voluntarios. Erick Ortiz, coordinador de Prevenci\u00f3n de Accidentes del Distrito 1 de Chihuahua y encargado de parte de la capacitaci\u00f3n, destac\u00f3 la relevancia del curso: \u201cUno de los principales problemas a nivel nacional es la falta de preparaci\u00f3n adecuada del personal de emergencias. Aqu\u00ed en Meoqui est\u00e1n dando un paso adelante al ofrecer una formaci\u00f3n m\u00e1s completa que permitir\u00e1 una atenci\u00f3n de mayor calidad y calidez.&#8221; Los elementos reciben formaci\u00f3n en diferentes \u00e1reas como primeros auxilios y RCP b\u00e1sico, uso y manejo del DEA, movimiento y atenci\u00f3n de pacientes politraumatizados, uso adecuado del monitor desfibrilador, t\u00e9cnicas de traslado y manejo correcto de camillas, verificaci\u00f3n y operaci\u00f3n de unidades de ambulancia, entre otros. &#8220;Esta capacitaci\u00f3n es vital, especialmente para los elementos nuevos, pero tambi\u00e9n representa una retroalimentaci\u00f3n para todo el personal, entre mejor preparados est\u00e9n, brindar\u00e1n un mejor servicio a la comunidad&#8221;, se\u00f1al\u00f3 Eduardo Guillen, coordinador de Protecci\u00f3n Civil y Bomberos de Meoqui, a\u00f1adiendo que una vez concluida esta etapa formativa en atenci\u00f3n prehospitalaria, se tiene programada una siguiente fase enfocada en capacitaci\u00f3n en temas de bomberos. Finalmente, Eduardo Guillen mencion\u00f3 que estas capacitaciones reafirman el compromiso de la alcaldesa Miriam Soto por garantizar servicios de emergencia m\u00e1s eficientes para salvaguardar la integridad de los meoquenses.<\/p>\n","protected":false},"author":2,"featured_media":14987,"comment_status":"open","ping_status":"open","sticky":false,"template":"","format":"standard","meta":{"_monsterinsights_skip_tracking":false,"_monsterinsights_sitenote_active":false,"_monsterinsights_sitenote_note":"","_monsterinsights_sitenote_category":0,"advanced_seo_description":"","jetpack_seo_html_title":"","jetpack_seo_noindex":false,"_jetpack_memberships_contains_paid_content":false,"footnotes":"","jetpack_publicize_message":"","jetpack_publicize_feature_enabled":true,"jetpack_social_post_already_shared":true,"jetpack_social_options":{"image_generator_settings":{"template":"highway","enabled":false},"version":2}},"categories":[135,7,11],"tags":[],"class_list":["post-14986","post","type-post","status-publish","format-standard","has-post-thumbnail","hentry","category-lo-mas-leido","category-local","category-principal"],"jetpack_publicize_connections":[],"jetpack_sharing_enabled":true,"jetpack_featured_media_url":"https:\/\/i0.wp.com\/alcierrenoticias.com\/wp-content\/uploads\/2025\/05\/WhatsApp-Image-2025-05-20-at-12.56.47-PM.jpeg?fit=1280%2C853&ssl=1","amp_enabled":true,"_links":{"self":[{"href":"https:\/\/alcierrenoticias.com\/index.php\/wp-json\/wp\/v2\/posts\/14986","targetHints":{"allow":["GET"]}}],"collection":[{"href":"https:\/\/alcierrenoticias.com\/index.php\/wp-json\/wp\/v2\/posts"}],"about":[{"href":"https:\/\/alcierrenoticias.com\/index.php\/wp-json\/wp\/v2\/types\/post"}],"author":[{"embeddable":true,"href":"https:\/\/alcierrenoticias.com\/index.php\/wp-json\/wp\/v2\/users\/2"}],"replies":[{"embeddable":true,"href":"https:\/\/alcierrenoticias.com\/index.php\/wp-json\/wp\/v2\/comments?post=14986"}],"version-history":[{"count":2,"href":"https:\/\/alcierrenoticias.com\/index.php\/wp-json\/wp\/v2\/posts\/14986\/revisions"}],"predecessor-version":[{"id":14989,"href":"https:\/\/alcierrenoticias.com\/index.php\/wp-json\/wp\/v2\/posts\/14986\/revisions\/14989"}],"wp:featuredmedia":[{"embeddable":true,"href":"https:\/\/alcierrenoticias.com\/index.php\/wp-json\/wp\/v2\/media\/14987"}],"wp:attachment":[{"href":"https:\/\/alcierrenoticias.com\/index.php\/wp-json\/wp\/v2\/media?parent=14986"}],"wp:term":[{"taxonomy":"category","embeddable":true,"href":"https:\/\/alcierrenoticias.com\/index.php\/wp-json\/wp\/v2\/categories?post=14986"},{"taxonomy":"post_tag","embeddable":true,"href":"https:\/\/alcierrenoticias.com\/index.php\/wp-json\/wp\/v2\/tags?post=14986"}],"curies":[{"name":"wp","href":"https:\/\/api.w.org\/{rel}","templated":true}]}}