{"id":14974,"date":"2025-05-19T14:20:11","date_gmt":"2025-05-19T20:20:11","guid":{"rendered":"https:\/\/alcierrenoticias.com\/?p=14974"},"modified":"2025-05-20T15:04:11","modified_gmt":"2025-05-20T21:04:11","slug":"supervisa-jesus-valenciano-arranque-de-pavimentacion-en-calle-primera-oriente-frente-al-rotario","status":"publish","type":"post","link":"https:\/\/alcierrenoticias.com\/index.php\/2025\/05\/19\/supervisa-jesus-valenciano-arranque-de-pavimentacion-en-calle-primera-oriente-frente-al-rotario\/","title":{"rendered":"Supervisa Jes\u00fas Valenciano arranque de pavimentaci\u00f3n en calle Primera Oriente frente al Rotario."},"content":{"rendered":"<p>El alcalde Jes\u00fas Valenciano Garc\u00eda encabez\u00f3 este lunes la supervisi\u00f3n del arranque de los trabajos de pavimentaci\u00f3n en la calle Primera Oriente, a la altura del Club Rotario e intersecci\u00f3n con el edificio Lerdo de Tejada. Lo acompa\u00f1aron el diputado local Roberto Carre\u00f3n, el regidor Aar\u00f3n Hern\u00e1ndez y el director de Obras P\u00fablicas, Alfonso Rodr\u00edguez.<\/p>\n<p>Durante el recorrido, destac\u00f3 que esta obra forma parte de un plan integral que ha rehabilitado tramos importantes del centro de la ciudad, como la Plaza de la Rep\u00fablica, la avenida R\u00edo Conchos, la avenida Sexta y entre otras. \u201cEstamos avanzando en embellecer y renovar vialidades que ya estaban severamente deterioradas, con parche sobre parche, y que requer\u00edan una soluci\u00f3n de fondo\u201d, subray\u00f3.<\/p>\n<p>&nbsp;<\/p>\n<p>El presidente municipal reiter\u00f3 que este tipo de obras son posibles gracias al esfuerzo conjunto con el Gobierno del Estado y a la participaci\u00f3n ciudadana a trav\u00e9s del pago del impuesto predial. En ese sentido, record\u00f3 que sigue vigente el programa \u201c8\/80\u201d, que ofrece hasta un 80% de descuento en multas y recargos, lo cual permite destinar mayores recursos a obras como esta.<\/p>\n<p>Jes\u00fas Valenciano aprovech\u00f3 para agradecer al diputado Roberto Carre\u00f3n por las gestiones realizadas ante la gobernadora Maru Campos, lo que ha permitido mantener activo el programa de pavimentaci\u00f3n en diversos puntos estrat\u00e9gicos del municipio.<\/p>\n<p>Finalmente, el edil pidi\u00f3 comprensi\u00f3n a los vecinos y conductores, ya que la obra generar\u00e1 algunas molestias durante los pr\u00f3ximos d\u00edas. \u201cTengan un poco de paciencia; las molestias son moment\u00e1neas, pero los beneficios ser\u00e1n duraderos\u201d, concluy\u00f3.<\/p>\n","protected":false},"excerpt":{"rendered":"<p>El alcalde Jes\u00fas Valenciano Garc\u00eda encabez\u00f3 este lunes la supervisi\u00f3n del arranque de los trabajos de pavimentaci\u00f3n en la calle Primera Oriente, a la altura del Club Rotario e intersecci\u00f3n con el edificio Lerdo de Tejada. Lo acompa\u00f1aron el diputado local Roberto Carre\u00f3n, el regidor Aar\u00f3n Hern\u00e1ndez y el director de Obras P\u00fablicas, Alfonso Rodr\u00edguez. Durante el recorrido, destac\u00f3 que esta obra forma parte de un plan integral que ha rehabilitado tramos importantes del centro de la ciudad, como la Plaza de la Rep\u00fablica, la avenida R\u00edo Conchos, la avenida Sexta y entre otras. \u201cEstamos avanzando en embellecer y renovar vialidades que ya estaban severamente deterioradas, con parche sobre parche, y que requer\u00edan una soluci\u00f3n de fondo\u201d, subray\u00f3. &nbsp; El presidente municipal reiter\u00f3 que este tipo de obras son posibles gracias al esfuerzo conjunto con el Gobierno del Estado y a la participaci\u00f3n ciudadana a trav\u00e9s del pago del impuesto predial. En ese sentido, record\u00f3 que sigue vigente el programa \u201c8\/80\u201d, que ofrece hasta un 80% de descuento en multas y recargos, lo cual permite destinar mayores recursos a obras como esta. Jes\u00fas Valenciano aprovech\u00f3 para agradecer al diputado Roberto Carre\u00f3n por las gestiones realizadas ante la gobernadora Maru Campos, lo que ha permitido mantener activo el programa de pavimentaci\u00f3n en diversos puntos estrat\u00e9gicos del municipio. Finalmente, el edil pidi\u00f3 comprensi\u00f3n a los vecinos y conductores, ya que la obra generar\u00e1 algunas molestias durante los pr\u00f3ximos d\u00edas. \u201cTengan un poco de paciencia; las molestias son moment\u00e1neas, pero los beneficios ser\u00e1n duraderos\u201d, concluy\u00f3.<\/p>\n","protected":false},"author":2,"featured_media":14975,"comment_status":"open","ping_status":"open","sticky":false,"template":"","format":"standard","meta":{"_monsterinsights_skip_tracking":false,"_monsterinsights_sitenote_active":false,"_monsterinsights_sitenote_note":"","_monsterinsights_sitenote_category":0,"advanced_seo_description":"","jetpack_seo_html_title":"","jetpack_seo_noindex":false,"_jetpack_memberships_contains_paid_content":false,"footnotes":"","jetpack_publicize_message":"","jetpack_publicize_feature_enabled":true,"jetpack_social_post_already_shared":true,"jetpack_social_options":{"image_generator_settings":{"template":"highway","enabled":false},"version":2}},"categories":[135,7,11],"tags":[],"class_list":["post-14974","post","type-post","status-publish","format-standard","has-post-thumbnail","hentry","category-lo-mas-leido","category-local","category-principal"],"jetpack_publicize_connections":[],"jetpack_sharing_enabled":true,"jetpack_featured_media_url":"https:\/\/i0.wp.com\/alcierrenoticias.com\/wp-content\/uploads\/2025\/05\/WhatsApp-Image-2025-05-19-at-2.10.10-PM.jpeg?fit=1600%2C1064&ssl=1","amp_enabled":true,"_links":{"self":[{"href":"https:\/\/alcierrenoticias.com\/index.php\/wp-json\/wp\/v2\/posts\/14974","targetHints":{"allow":["GET"]}}],"collection":[{"href":"https:\/\/alcierrenoticias.com\/index.php\/wp-json\/wp\/v2\/posts"}],"about":[{"href":"https:\/\/alcierrenoticias.com\/index.php\/wp-json\/wp\/v2\/types\/post"}],"author":[{"embeddable":true,"href":"https:\/\/alcierrenoticias.com\/index.php\/wp-json\/wp\/v2\/users\/2"}],"replies":[{"embeddable":true,"href":"https:\/\/alcierrenoticias.com\/index.php\/wp-json\/wp\/v2\/comments?post=14974"}],"version-history":[{"count":2,"href":"https:\/\/alcierrenoticias.com\/index.php\/wp-json\/wp\/v2\/posts\/14974\/revisions"}],"predecessor-version":[{"id":14977,"href":"https:\/\/alcierrenoticias.com\/index.php\/wp-json\/wp\/v2\/posts\/14974\/revisions\/14977"}],"wp:featuredmedia":[{"embeddable":true,"href":"https:\/\/alcierrenoticias.com\/index.php\/wp-json\/wp\/v2\/media\/14975"}],"wp:attachment":[{"href":"https:\/\/alcierrenoticias.com\/index.php\/wp-json\/wp\/v2\/media?parent=14974"}],"wp:term":[{"taxonomy":"category","embeddable":true,"href":"https:\/\/alcierrenoticias.com\/index.php\/wp-json\/wp\/v2\/categories?post=14974"},{"taxonomy":"post_tag","embeddable":true,"href":"https:\/\/alcierrenoticias.com\/index.php\/wp-json\/wp\/v2\/tags?post=14974"}],"curies":[{"name":"wp","href":"https:\/\/api.w.org\/{rel}","templated":true}]}}