{"id":14961,"date":"2025-05-18T13:16:42","date_gmt":"2025-05-18T19:16:42","guid":{"rendered":"https:\/\/alcierrenoticias.com\/?p=14961"},"modified":"2025-05-20T12:55:46","modified_gmt":"2025-05-20T18:55:46","slug":"fortalecen-lazos-familiares-con-exitosa-carrera-cuenta-conmigo-tu-familia-es-primero-en-delicias","status":"publish","type":"post","link":"https:\/\/alcierrenoticias.com\/index.php\/2025\/05\/18\/fortalecen-lazos-familiares-con-exitosa-carrera-cuenta-conmigo-tu-familia-es-primero-en-delicias\/","title":{"rendered":"Fortalecen lazos familiares con exitosa carrera \u201cCuenta Conmigo, Tu Familia es Primero\u201d en Delicias."},"content":{"rendered":"<p>Con gran participaci\u00f3n de familias del municipio, se llev\u00f3 a cabo con \u00e9xito la carrera recreativa \u201cCuenta Conmigo, Tu Familia es Primero\u201d, organizada por el DIF Estatal y el DIF Municipal de Delicias como parte del arranque oficial de esta campa\u00f1a en el marco del D\u00eda Internacional de la Familia. El evento tuvo lugar esta ma\u00f1ana, con salida desde el Reloj P\u00fablico, donde decenas de familias se sumaron para convivir, hacer ejercicio y reforzar el valor de la uni\u00f3n familiar.<\/p>\n<p>La actividad fue encabezada por la presidenta del DIF Delicias, Alma Limas de Valenciano, en compa\u00f1\u00eda del presidente municipal Jes\u00fas Valenciano, el director del DIF Estatal, Gabriel Eguiarte, y el diputado local Roberto Carre\u00f3n, quien asisti\u00f3 junto a su familia. Todos ellos coincidieron en resaltar la importancia de promover entornos familiares saludables y espacios de recreaci\u00f3n que fortalezcan los v\u00ednculos entre padres, madres, hijos y comunidad.<\/p>\n<p>Los primeros lugares en la categor\u00eda varonil fueron para Karin R\u00edos, seguido de Irving Aldaco, Kevin Alonso y Mateo Mart\u00ednez; mientras que en la rama femenil se destac\u00f3 Mar\u00eda Maldonado en primer lugar, seguida de Mar\u00eda Concepci\u00f3n Salazar, Maribel P\u00e9rez y Judith Garc\u00eda. Adem\u00e1s de la carrera, los asistentes disfrutaron de un animado zumbat\u00f3n y diversas actividades pensadas para toda la familia.<\/p>\n<p>El recorrido de la carrera parti\u00f3 del emblem\u00e1tico Reloj P\u00fablico, continuando por la avenida del Parque hasta llegar a la avenida Agricultura, donde los participantes realizaron un trayecto entre los tramos de la calle Tercera Sur y la avenida R\u00edo Florido; posteriormente, retomaron nuevamente la avenida del Parque para concluir el circuito en el punto de salida, completando as\u00ed una ruta dise\u00f1ada para fomentar la convivencia y el disfrute en familia.<\/p>\n<p>La campa\u00f1a \u201cCuenta Conmigo, Tu Familia es Primero\u201d busca llevar un mensaje claro de crianza positiva, comunicaci\u00f3n asertiva y prevenci\u00f3n de la violencia en el hogar, a trav\u00e9s de eventos presenciales y contenidos digitales que llegar\u00e1n a todos los rincones del estado mediante c\u00e1psulas informativas, redes sociales y medios de comunicaci\u00f3n.<\/p>\n<p>Delicias fue elegida junto con Rosales y Saucillo como una de las tres sedes para el arranque de esta iniciativa estatal, impulsada por la presidenta del DIF Estatal, Mar\u00eda Eugenia Galv\u00e1n, y el director general Gabriel Eguiarte. La jornada vivida este domingo refrenda el compromiso de ambas instituciones por colocar a la familia en el centro de las pol\u00edticas p\u00fablicas, fomentando valores y convivencia.<\/p>\n","protected":false},"excerpt":{"rendered":"<p>Con gran participaci\u00f3n de familias del municipio, se llev\u00f3 a cabo con \u00e9xito la carrera recreativa \u201cCuenta Conmigo, Tu Familia es Primero\u201d, organizada por el DIF Estatal y el DIF Municipal de Delicias como parte del arranque oficial de esta campa\u00f1a en el marco del D\u00eda Internacional de la Familia. El evento tuvo lugar esta ma\u00f1ana, con salida desde el Reloj P\u00fablico, donde decenas de familias se sumaron para convivir, hacer ejercicio y reforzar el valor de la uni\u00f3n familiar. La actividad fue encabezada por la presidenta del DIF Delicias, Alma Limas de Valenciano, en compa\u00f1\u00eda del presidente municipal Jes\u00fas Valenciano, el director del DIF Estatal, Gabriel Eguiarte, y el diputado local Roberto Carre\u00f3n, quien asisti\u00f3 junto a su familia. Todos ellos coincidieron en resaltar la importancia de promover entornos familiares saludables y espacios de recreaci\u00f3n que fortalezcan los v\u00ednculos entre padres, madres, hijos y comunidad. Los primeros lugares en la categor\u00eda varonil fueron para Karin R\u00edos, seguido de Irving Aldaco, Kevin Alonso y Mateo Mart\u00ednez; mientras que en la rama femenil se destac\u00f3 Mar\u00eda Maldonado en primer lugar, seguida de Mar\u00eda Concepci\u00f3n Salazar, Maribel P\u00e9rez y Judith Garc\u00eda. Adem\u00e1s de la carrera, los asistentes disfrutaron de un animado zumbat\u00f3n y diversas actividades pensadas para toda la familia. El recorrido de la carrera parti\u00f3 del emblem\u00e1tico Reloj P\u00fablico, continuando por la avenida del Parque hasta llegar a la avenida Agricultura, donde los participantes realizaron un trayecto entre los tramos de la calle Tercera Sur y la avenida R\u00edo Florido; posteriormente, retomaron nuevamente la avenida del Parque para concluir el circuito en el punto de salida, completando as\u00ed una ruta dise\u00f1ada para fomentar la convivencia y el disfrute en familia. La campa\u00f1a \u201cCuenta Conmigo, Tu Familia es Primero\u201d busca llevar un mensaje claro de crianza positiva, comunicaci\u00f3n asertiva y prevenci\u00f3n de la violencia en el hogar, a trav\u00e9s de eventos presenciales y contenidos digitales que llegar\u00e1n a todos los rincones del estado mediante c\u00e1psulas informativas, redes sociales y medios de comunicaci\u00f3n. Delicias fue elegida junto con Rosales y Saucillo como una de las tres sedes para el arranque de esta iniciativa estatal, impulsada por la presidenta del DIF Estatal, Mar\u00eda Eugenia Galv\u00e1n, y el director general Gabriel Eguiarte. La jornada vivida este domingo refrenda el compromiso de ambas instituciones por colocar a la familia en el centro de las pol\u00edticas p\u00fablicas, fomentando valores y convivencia.<\/p>\n","protected":false},"author":2,"featured_media":14962,"comment_status":"open","ping_status":"open","sticky":false,"template":"","format":"standard","meta":{"_monsterinsights_skip_tracking":false,"_monsterinsights_sitenote_active":false,"_monsterinsights_sitenote_note":"","_monsterinsights_sitenote_category":0,"advanced_seo_description":"","jetpack_seo_html_title":"","jetpack_seo_noindex":false,"_jetpack_memberships_contains_paid_content":false,"footnotes":"","jetpack_publicize_message":"","jetpack_publicize_feature_enabled":true,"jetpack_social_post_already_shared":true,"jetpack_social_options":{"image_generator_settings":{"template":"highway","enabled":false},"version":2}},"categories":[135,7,11],"tags":[],"class_list":["post-14961","post","type-post","status-publish","format-standard","has-post-thumbnail","hentry","category-lo-mas-leido","category-local","category-principal"],"jetpack_publicize_connections":[],"jetpack_sharing_enabled":true,"jetpack_featured_media_url":"https:\/\/i0.wp.com\/alcierrenoticias.com\/wp-content\/uploads\/2025\/05\/WhatsApp-Image-2025-05-18-at-1.08.12-PM-scaled.jpeg?fit=2560%2C1707&ssl=1","amp_enabled":true,"_links":{"self":[{"href":"https:\/\/alcierrenoticias.com\/index.php\/wp-json\/wp\/v2\/posts\/14961","targetHints":{"allow":["GET"]}}],"collection":[{"href":"https:\/\/alcierrenoticias.com\/index.php\/wp-json\/wp\/v2\/posts"}],"about":[{"href":"https:\/\/alcierrenoticias.com\/index.php\/wp-json\/wp\/v2\/types\/post"}],"author":[{"embeddable":true,"href":"https:\/\/alcierrenoticias.com\/index.php\/wp-json\/wp\/v2\/users\/2"}],"replies":[{"embeddable":true,"href":"https:\/\/alcierrenoticias.com\/index.php\/wp-json\/wp\/v2\/comments?post=14961"}],"version-history":[{"count":1,"href":"https:\/\/alcierrenoticias.com\/index.php\/wp-json\/wp\/v2\/posts\/14961\/revisions"}],"predecessor-version":[{"id":14963,"href":"https:\/\/alcierrenoticias.com\/index.php\/wp-json\/wp\/v2\/posts\/14961\/revisions\/14963"}],"wp:featuredmedia":[{"embeddable":true,"href":"https:\/\/alcierrenoticias.com\/index.php\/wp-json\/wp\/v2\/media\/14962"}],"wp:attachment":[{"href":"https:\/\/alcierrenoticias.com\/index.php\/wp-json\/wp\/v2\/media?parent=14961"}],"wp:term":[{"taxonomy":"category","embeddable":true,"href":"https:\/\/alcierrenoticias.com\/index.php\/wp-json\/wp\/v2\/categories?post=14961"},{"taxonomy":"post_tag","embeddable":true,"href":"https:\/\/alcierrenoticias.com\/index.php\/wp-json\/wp\/v2\/tags?post=14961"}],"curies":[{"name":"wp","href":"https:\/\/api.w.org\/{rel}","templated":true}]}}