{"id":14903,"date":"2025-05-15T13:23:15","date_gmt":"2025-05-15T19:23:15","guid":{"rendered":"https:\/\/alcierrenoticias.com\/?p=14903"},"modified":"2025-05-15T23:54:36","modified_gmt":"2025-05-16T05:54:36","slug":"felicita-jorge-aldana-a-maestros-de-camargo-su-vocacion-paciencia-y-entrega-transforman-vidas-desde-las-aulas","status":"publish","type":"post","link":"https:\/\/alcierrenoticias.com\/index.php\/2025\/05\/15\/felicita-jorge-aldana-a-maestros-de-camargo-su-vocacion-paciencia-y-entrega-transforman-vidas-desde-las-aulas\/","title":{"rendered":"Felicita Jorge Aldana a maestros de Camargo: su vocaci\u00f3n, paciencia y entrega transforman vidas desde las aulas."},"content":{"rendered":"<p>En el marco del D\u00eda del Maestro, el presidente municipal Jorge Aldana expres\u00f3 su m\u00e1s sincero reconocimiento y felicitaci\u00f3n a todas y todos los docentes de Camargo por su invaluable labor en la formaci\u00f3n de generaciones comprometidas con el futuro del municipio y del pa\u00eds.<\/p>\n<p>\u201cReconocemos y agradecemos profundamente a todas y todos los maestros que, con vocaci\u00f3n, paciencia y entrega, transforman vidas todos los d\u00edas desde las aulas. Su labor no solo forma conocimientos, sino que tambi\u00e9n construye valores, despierta sue\u00f1os y deja huellas imborrables en cada estudiante\u201d, expres\u00f3 el alcalde Aldana.<\/p>\n<p>El presidente destac\u00f3 que la educaci\u00f3n es uno de los pilares fundamentales para el desarrollo de una sociedad justa, equitativa y solidaria, y reiter\u00f3 el compromiso del Gobierno Municipal de seguir apoyando a la comunidad educativa con programas y acciones que fortalezcan su tarea dentro y fuera del aula.<\/p>\n<p>Jorge Aldana invit\u00f3 a la ciudadan\u00eda a reconocer y valorar el trabajo de las y los maestros, cuyo esfuerzo diario contribuye a formar ciudadanos \u00edntegros y preparados para los retos del presente y del futuro.<\/p>\n","protected":false},"excerpt":{"rendered":"<p>En el marco del D\u00eda del Maestro, el presidente municipal Jorge Aldana expres\u00f3 su m\u00e1s sincero reconocimiento y felicitaci\u00f3n a todas y todos los docentes de Camargo por su invaluable labor en la formaci\u00f3n de generaciones comprometidas con el futuro del municipio y del pa\u00eds. \u201cReconocemos y agradecemos profundamente a todas y todos los maestros que, con vocaci\u00f3n, paciencia y entrega, transforman vidas todos los d\u00edas desde las aulas. Su labor no solo forma conocimientos, sino que tambi\u00e9n construye valores, despierta sue\u00f1os y deja huellas imborrables en cada estudiante\u201d, expres\u00f3 el alcalde Aldana. El presidente destac\u00f3 que la educaci\u00f3n es uno de los pilares fundamentales para el desarrollo de una sociedad justa, equitativa y solidaria, y reiter\u00f3 el compromiso del Gobierno Municipal de seguir apoyando a la comunidad educativa con programas y acciones que fortalezcan su tarea dentro y fuera del aula. Jorge Aldana invit\u00f3 a la ciudadan\u00eda a reconocer y valorar el trabajo de las y los maestros, cuyo esfuerzo diario contribuye a formar ciudadanos \u00edntegros y preparados para los retos del presente y del futuro.<\/p>\n","protected":false},"author":2,"featured_media":14904,"comment_status":"open","ping_status":"open","sticky":false,"template":"","format":"standard","meta":{"_monsterinsights_skip_tracking":false,"_monsterinsights_sitenote_active":false,"_monsterinsights_sitenote_note":"","_monsterinsights_sitenote_category":0,"advanced_seo_description":"","jetpack_seo_html_title":"","jetpack_seo_noindex":false,"_jetpack_memberships_contains_paid_content":false,"footnotes":"","jetpack_publicize_message":"","jetpack_publicize_feature_enabled":true,"jetpack_social_post_already_shared":true,"jetpack_social_options":{"image_generator_settings":{"template":"highway","enabled":false},"version":2}},"categories":[8,135,11],"tags":[],"class_list":["post-14903","post","type-post","status-publish","format-standard","has-post-thumbnail","hentry","category-estado","category-lo-mas-leido","category-principal"],"jetpack_publicize_connections":[],"jetpack_sharing_enabled":true,"jetpack_featured_media_url":"https:\/\/i0.wp.com\/alcierrenoticias.com\/wp-content\/uploads\/2025\/05\/WhatsApp-Image-2025-05-15-at-1.15.06-PM.jpeg?fit=1600%2C1000&ssl=1","amp_enabled":true,"_links":{"self":[{"href":"https:\/\/alcierrenoticias.com\/index.php\/wp-json\/wp\/v2\/posts\/14903","targetHints":{"allow":["GET"]}}],"collection":[{"href":"https:\/\/alcierrenoticias.com\/index.php\/wp-json\/wp\/v2\/posts"}],"about":[{"href":"https:\/\/alcierrenoticias.com\/index.php\/wp-json\/wp\/v2\/types\/post"}],"author":[{"embeddable":true,"href":"https:\/\/alcierrenoticias.com\/index.php\/wp-json\/wp\/v2\/users\/2"}],"replies":[{"embeddable":true,"href":"https:\/\/alcierrenoticias.com\/index.php\/wp-json\/wp\/v2\/comments?post=14903"}],"version-history":[{"count":2,"href":"https:\/\/alcierrenoticias.com\/index.php\/wp-json\/wp\/v2\/posts\/14903\/revisions"}],"predecessor-version":[{"id":14906,"href":"https:\/\/alcierrenoticias.com\/index.php\/wp-json\/wp\/v2\/posts\/14903\/revisions\/14906"}],"wp:featuredmedia":[{"embeddable":true,"href":"https:\/\/alcierrenoticias.com\/index.php\/wp-json\/wp\/v2\/media\/14904"}],"wp:attachment":[{"href":"https:\/\/alcierrenoticias.com\/index.php\/wp-json\/wp\/v2\/media?parent=14903"}],"wp:term":[{"taxonomy":"category","embeddable":true,"href":"https:\/\/alcierrenoticias.com\/index.php\/wp-json\/wp\/v2\/categories?post=14903"},{"taxonomy":"post_tag","embeddable":true,"href":"https:\/\/alcierrenoticias.com\/index.php\/wp-json\/wp\/v2\/tags?post=14903"}],"curies":[{"name":"wp","href":"https:\/\/api.w.org\/{rel}","templated":true}]}}