{"id":14899,"date":"2025-05-15T13:20:52","date_gmt":"2025-05-15T19:20:52","guid":{"rendered":"https:\/\/alcierrenoticias.com\/?p=14899"},"modified":"2025-05-15T23:50:51","modified_gmt":"2025-05-16T05:50:51","slug":"mas-de-mil-personas-beneficiadas-con-algun-apoyo-en-camargo-municipio-agradece-al-estado-por-feria-de-servicios","status":"publish","type":"post","link":"https:\/\/alcierrenoticias.com\/index.php\/2025\/05\/15\/mas-de-mil-personas-beneficiadas-con-algun-apoyo-en-camargo-municipio-agradece-al-estado-por-feria-de-servicios\/","title":{"rendered":"M\u00e1s de mil personas beneficiadas con alg\u00fan apoyo en Camargo: Municipio agradece al Estado por Feria de Servicios."},"content":{"rendered":"<p>En una jornada llena de participaci\u00f3n y solidaridad, el Gobierno Municipal de Camargo agradece al Gobierno del Estado por haber tra\u00eddo la Feria de Servicios al Poliforo Municipal, evento que benefici\u00f3 a m\u00e1s de mil personas con diversos apoyos gratuitos.<\/p>\n<p>Durante esta exitosa feria, la ciudadan\u00eda pudo acceder a servicios como tr\u00e1mites de actas de nacimiento, entrega de \u00e1rboles, cortes de cabello, apoyos alimentarios, orientaci\u00f3n jur\u00eddica, entre muchos otros, sin costo alguno. La respuesta de la poblaci\u00f3n fue ejemplar, reflejando el inter\u00e9s por aprovechar los programas que contribuyen a mejorar la calidad de vida de las familias camarguenses.<\/p>\n<p>El presidente municipal Jorge Aldana agradeci\u00f3 especialmente al secretario de Desarrollo Humano y Bien Com\u00fan del Estado, Rafa Loera, por su presencia en Camargo y por hacer posible esta importante jornada: \u201cMuchas gracias al secretario Rafa Loera por visitarnos y traer esta Feria de Servicios. Seguimos gestionando m\u00e1s apoyos para que las familias de Camargo vivan mejor\u201d.<\/p>\n<p>En el evento tambi\u00e9n se cont\u00f3 con la participaci\u00f3n del diputado federal Tony Mel\u00e9ndez y del recaudador de rentas, Lucio V\u00e1zquez, quienes estuvieron presentes atendiendo personalmente a los asistentes y reforzando el compromiso institucional con la ciudadan\u00eda.<\/p>\n<p>El Gobierno Municipal reafirma su disposici\u00f3n de continuar trabajando de manera coordinada con el Gobierno del Estado para acercar programas, servicios y apoyos que promuevan el bienestar social y el desarrollo humano en el municipio de Camargo.<\/p>\n","protected":false},"excerpt":{"rendered":"<p>En una jornada llena de participaci\u00f3n y solidaridad, el Gobierno Municipal de Camargo agradece al Gobierno del Estado por haber tra\u00eddo la Feria de Servicios al Poliforo Municipal, evento que benefici\u00f3 a m\u00e1s de mil personas con diversos apoyos gratuitos. Durante esta exitosa feria, la ciudadan\u00eda pudo acceder a servicios como tr\u00e1mites de actas de nacimiento, entrega de \u00e1rboles, cortes de cabello, apoyos alimentarios, orientaci\u00f3n jur\u00eddica, entre muchos otros, sin costo alguno. La respuesta de la poblaci\u00f3n fue ejemplar, reflejando el inter\u00e9s por aprovechar los programas que contribuyen a mejorar la calidad de vida de las familias camarguenses. El presidente municipal Jorge Aldana agradeci\u00f3 especialmente al secretario de Desarrollo Humano y Bien Com\u00fan del Estado, Rafa Loera, por su presencia en Camargo y por hacer posible esta importante jornada: \u201cMuchas gracias al secretario Rafa Loera por visitarnos y traer esta Feria de Servicios. Seguimos gestionando m\u00e1s apoyos para que las familias de Camargo vivan mejor\u201d. En el evento tambi\u00e9n se cont\u00f3 con la participaci\u00f3n del diputado federal Tony Mel\u00e9ndez y del recaudador de rentas, Lucio V\u00e1zquez, quienes estuvieron presentes atendiendo personalmente a los asistentes y reforzando el compromiso institucional con la ciudadan\u00eda. El Gobierno Municipal reafirma su disposici\u00f3n de continuar trabajando de manera coordinada con el Gobierno del Estado para acercar programas, servicios y apoyos que promuevan el bienestar social y el desarrollo humano en el municipio de Camargo.<\/p>\n","protected":false},"author":2,"featured_media":14900,"comment_status":"open","ping_status":"open","sticky":false,"template":"","format":"standard","meta":{"_monsterinsights_skip_tracking":false,"_monsterinsights_sitenote_active":false,"_monsterinsights_sitenote_note":"","_monsterinsights_sitenote_category":0,"advanced_seo_description":"","jetpack_seo_html_title":"","jetpack_seo_noindex":false,"_jetpack_memberships_contains_paid_content":false,"footnotes":"","jetpack_publicize_message":"","jetpack_publicize_feature_enabled":true,"jetpack_social_post_already_shared":true,"jetpack_social_options":{"image_generator_settings":{"template":"highway","enabled":false},"version":2}},"categories":[8,135,11],"tags":[],"class_list":["post-14899","post","type-post","status-publish","format-standard","has-post-thumbnail","hentry","category-estado","category-lo-mas-leido","category-principal"],"jetpack_publicize_connections":[],"jetpack_sharing_enabled":true,"jetpack_featured_media_url":"https:\/\/i0.wp.com\/alcierrenoticias.com\/wp-content\/uploads\/2025\/05\/WhatsApp-Image-2025-05-15-at-1.15.05-PM.jpeg?fit=1600%2C1066&ssl=1","amp_enabled":true,"_links":{"self":[{"href":"https:\/\/alcierrenoticias.com\/index.php\/wp-json\/wp\/v2\/posts\/14899","targetHints":{"allow":["GET"]}}],"collection":[{"href":"https:\/\/alcierrenoticias.com\/index.php\/wp-json\/wp\/v2\/posts"}],"about":[{"href":"https:\/\/alcierrenoticias.com\/index.php\/wp-json\/wp\/v2\/types\/post"}],"author":[{"embeddable":true,"href":"https:\/\/alcierrenoticias.com\/index.php\/wp-json\/wp\/v2\/users\/2"}],"replies":[{"embeddable":true,"href":"https:\/\/alcierrenoticias.com\/index.php\/wp-json\/wp\/v2\/comments?post=14899"}],"version-history":[{"count":2,"href":"https:\/\/alcierrenoticias.com\/index.php\/wp-json\/wp\/v2\/posts\/14899\/revisions"}],"predecessor-version":[{"id":14902,"href":"https:\/\/alcierrenoticias.com\/index.php\/wp-json\/wp\/v2\/posts\/14899\/revisions\/14902"}],"wp:featuredmedia":[{"embeddable":true,"href":"https:\/\/alcierrenoticias.com\/index.php\/wp-json\/wp\/v2\/media\/14900"}],"wp:attachment":[{"href":"https:\/\/alcierrenoticias.com\/index.php\/wp-json\/wp\/v2\/media?parent=14899"}],"wp:term":[{"taxonomy":"category","embeddable":true,"href":"https:\/\/alcierrenoticias.com\/index.php\/wp-json\/wp\/v2\/categories?post=14899"},{"taxonomy":"post_tag","embeddable":true,"href":"https:\/\/alcierrenoticias.com\/index.php\/wp-json\/wp\/v2\/tags?post=14899"}],"curies":[{"name":"wp","href":"https:\/\/api.w.org\/{rel}","templated":true}]}}