{"id":14875,"date":"2025-05-14T14:14:23","date_gmt":"2025-05-14T20:14:23","guid":{"rendered":"https:\/\/alcierrenoticias.com\/?p=14875"},"modified":"2025-05-15T23:15:51","modified_gmt":"2025-05-16T05:15:51","slug":"invitan-a-participar-en-estudiante-presidente-por-un-dia-en-delicias","status":"publish","type":"post","link":"https:\/\/alcierrenoticias.com\/index.php\/2025\/05\/14\/invitan-a-participar-en-estudiante-presidente-por-un-dia-en-delicias\/","title":{"rendered":"Invitan a participar en \u201cEstudiante, Presidente por un D\u00eda\u201d en Delicias."},"content":{"rendered":"<p>Para celebrar el d\u00eda del Estudiante y con el objetivo de fomentar la participaci\u00f3n juvenil y acercar a los estudiantes a la vida p\u00fablica, el Gobierno Municipal de Delicias, a trav\u00e9s de la Direcci\u00f3n de Desarrollo Humano y Bien Com\u00fan, lanz\u00f3 la convocatoria \u201cEstudiante, Presidente por un D\u00eda\u201d, dirigida a j\u00f3venes de secundaria, preparatoria y universidad, tanto de instituciones p\u00fablicas como privadas del municipio.<\/p>\n<p>Enrique Valenzuela L\u00f3pez, director de Desarrollo Humano y Bien Com\u00fan, invit\u00f3 a los estudiantes a inscribirse del 12 al 21 de mayo, presentando tres requisitos b\u00e1sicos: una carta de postulaci\u00f3n de su escuela, el formato de inscripci\u00f3n y un proyecto comunitario que hayan realizado, est\u00e9n desarrollando o deseen implementar para mejorar su entorno.<\/p>\n<p>\u201cQueremos invitarlos a vivir esta experiencia donde podr\u00e1n desempe\u00f1ar cargos simb\u00f3licos como presidente municipal, s\u00edndica, regidores o directores. El objetivo es escuchar sus ideas, reconocer su talento y fortalecer su compromiso con la comunidad\u201d, expres\u00f3 Valenzuela L\u00f3pez. La selecci\u00f3n de los participantes se llevar\u00e1 a cabo el 22 de mayo por un comit\u00e9 conformado por regidores y la s\u00edndica municipal.<\/p>\n<p>Los estudiantes seleccionados fungir\u00e1n como funcionarios el pr\u00f3ximo 28 de mayo, durante un evento oficial que se llevar\u00e1 a cabo de 9 de la<br \/>\nMa\u00f1ana a 1 de la tarde en el Club de Leones de Delicias Castores, ubicado en la colonia Flores del Tepeyac. Ah\u00ed se les otorgar\u00e1 un nombramiento simb\u00f3lico, un obsequio y podr\u00e1n conocer de cerca el funcionamiento del gobierno municipal.<\/p>\n<p>Finalmente, se reiter\u00f3 la invitaci\u00f3n a participar en esta iniciativa que busca fortalecer el liderazgo juvenil en Delicias. \u201cLos esperamos con sus ideas y entusiasmo. Les aseguramos que ser\u00e1 una experiencia inolvidable\u201d, concluy\u00f3 el titular de Desarrollo Humano.<\/p>\n","protected":false},"excerpt":{"rendered":"<p>Para celebrar el d\u00eda del Estudiante y con el objetivo de fomentar la participaci\u00f3n juvenil y acercar a los estudiantes a la vida p\u00fablica, el Gobierno Municipal de Delicias, a trav\u00e9s de la Direcci\u00f3n de Desarrollo Humano y Bien Com\u00fan, lanz\u00f3 la convocatoria \u201cEstudiante, Presidente por un D\u00eda\u201d, dirigida a j\u00f3venes de secundaria, preparatoria y universidad, tanto de instituciones p\u00fablicas como privadas del municipio. Enrique Valenzuela L\u00f3pez, director de Desarrollo Humano y Bien Com\u00fan, invit\u00f3 a los estudiantes a inscribirse del 12 al 21 de mayo, presentando tres requisitos b\u00e1sicos: una carta de postulaci\u00f3n de su escuela, el formato de inscripci\u00f3n y un proyecto comunitario que hayan realizado, est\u00e9n desarrollando o deseen implementar para mejorar su entorno. \u201cQueremos invitarlos a vivir esta experiencia donde podr\u00e1n desempe\u00f1ar cargos simb\u00f3licos como presidente municipal, s\u00edndica, regidores o directores. El objetivo es escuchar sus ideas, reconocer su talento y fortalecer su compromiso con la comunidad\u201d, expres\u00f3 Valenzuela L\u00f3pez. La selecci\u00f3n de los participantes se llevar\u00e1 a cabo el 22 de mayo por un comit\u00e9 conformado por regidores y la s\u00edndica municipal. Los estudiantes seleccionados fungir\u00e1n como funcionarios el pr\u00f3ximo 28 de mayo, durante un evento oficial que se llevar\u00e1 a cabo de 9 de la Ma\u00f1ana a 1 de la tarde en el Club de Leones de Delicias Castores, ubicado en la colonia Flores del Tepeyac. Ah\u00ed se les otorgar\u00e1 un nombramiento simb\u00f3lico, un obsequio y podr\u00e1n conocer de cerca el funcionamiento del gobierno municipal. Finalmente, se reiter\u00f3 la invitaci\u00f3n a participar en esta iniciativa que busca fortalecer el liderazgo juvenil en Delicias. \u201cLos esperamos con sus ideas y entusiasmo. Les aseguramos que ser\u00e1 una experiencia inolvidable\u201d, concluy\u00f3 el titular de Desarrollo Humano.<\/p>\n","protected":false},"author":2,"featured_media":14876,"comment_status":"open","ping_status":"open","sticky":false,"template":"","format":"standard","meta":{"_monsterinsights_skip_tracking":false,"_monsterinsights_sitenote_active":false,"_monsterinsights_sitenote_note":"","_monsterinsights_sitenote_category":0,"advanced_seo_description":"","jetpack_seo_html_title":"","jetpack_seo_noindex":false,"_jetpack_memberships_contains_paid_content":false,"footnotes":"","jetpack_publicize_message":"","jetpack_publicize_feature_enabled":true,"jetpack_social_post_already_shared":true,"jetpack_social_options":{"image_generator_settings":{"template":"highway","enabled":false},"version":2}},"categories":[135,7,11],"tags":[],"class_list":["post-14875","post","type-post","status-publish","format-standard","has-post-thumbnail","hentry","category-lo-mas-leido","category-local","category-principal"],"jetpack_publicize_connections":[],"jetpack_sharing_enabled":true,"jetpack_featured_media_url":"https:\/\/i0.wp.com\/alcierrenoticias.com\/wp-content\/uploads\/2025\/05\/WhatsApp-Image-2025-05-14-at-2.06.29-PM.jpeg?fit=1600%2C1200&ssl=1","amp_enabled":true,"_links":{"self":[{"href":"https:\/\/alcierrenoticias.com\/index.php\/wp-json\/wp\/v2\/posts\/14875","targetHints":{"allow":["GET"]}}],"collection":[{"href":"https:\/\/alcierrenoticias.com\/index.php\/wp-json\/wp\/v2\/posts"}],"about":[{"href":"https:\/\/alcierrenoticias.com\/index.php\/wp-json\/wp\/v2\/types\/post"}],"author":[{"embeddable":true,"href":"https:\/\/alcierrenoticias.com\/index.php\/wp-json\/wp\/v2\/users\/2"}],"replies":[{"embeddable":true,"href":"https:\/\/alcierrenoticias.com\/index.php\/wp-json\/wp\/v2\/comments?post=14875"}],"version-history":[{"count":1,"href":"https:\/\/alcierrenoticias.com\/index.php\/wp-json\/wp\/v2\/posts\/14875\/revisions"}],"predecessor-version":[{"id":14877,"href":"https:\/\/alcierrenoticias.com\/index.php\/wp-json\/wp\/v2\/posts\/14875\/revisions\/14877"}],"wp:featuredmedia":[{"embeddable":true,"href":"https:\/\/alcierrenoticias.com\/index.php\/wp-json\/wp\/v2\/media\/14876"}],"wp:attachment":[{"href":"https:\/\/alcierrenoticias.com\/index.php\/wp-json\/wp\/v2\/media?parent=14875"}],"wp:term":[{"taxonomy":"category","embeddable":true,"href":"https:\/\/alcierrenoticias.com\/index.php\/wp-json\/wp\/v2\/categories?post=14875"},{"taxonomy":"post_tag","embeddable":true,"href":"https:\/\/alcierrenoticias.com\/index.php\/wp-json\/wp\/v2\/tags?post=14875"}],"curies":[{"name":"wp","href":"https:\/\/api.w.org\/{rel}","templated":true}]}}