{"id":14859,"date":"2025-05-14T08:03:21","date_gmt":"2025-05-14T14:03:21","guid":{"rendered":"https:\/\/alcierrenoticias.com\/?p=14859"},"modified":"2025-05-15T22:57:18","modified_gmt":"2025-05-16T04:57:18","slug":"arrancan-campana-cuenta-conmigo-tu-familia-es-primero-con-carrera-y-zumbaton-en-delicias-el-domingo","status":"publish","type":"post","link":"https:\/\/alcierrenoticias.com\/index.php\/2025\/05\/14\/arrancan-campana-cuenta-conmigo-tu-familia-es-primero-con-carrera-y-zumbaton-en-delicias-el-domingo\/","title":{"rendered":"Arrancan campa\u00f1a \u201cCuenta Conmigo, Tu Familia es Primero\u201d con carrera y zumbat\u00f3n en Delicias el domingo."},"content":{"rendered":"<p>Con el objetivo de fortalecer los lazos familiares y promover entornos seguros y positivos en el hogar, el DIF Estatal y el DIF Municipal de Delicias presentaron oficialmente la campa\u00f1a \u201cCuenta Conmigo, Tu Familia es Primero\u201d, que iniciar\u00e1 con una carrera recreativa y actividades familiares este pr\u00f3ximo domingo 18 de mayo, en conmemoraci\u00f3n del D\u00eda Internacional de la Familia.<\/p>\n<p>Durante una rueda de prensa encabezada por la presidenta del DIF Municipal, Alma Limas de Valenciano, y la directora del Centro Estatal de Fortalecimiento Familiar, Selene Aguirre, se explic\u00f3 que esta campa\u00f1a tiene como prop\u00f3sito llegar a las familias a trav\u00e9s de mensajes pr\u00e1cticos y sencillos, difundidos por medios de comunicaci\u00f3n y redes sociales, que impulsen la crianza positiva, la comunicaci\u00f3n asertiva y la prevenci\u00f3n de la violencia.<\/p>\n<p>Alma Limas agradeci\u00f3 al DIF Estatal por elegir a Delicias, Rosales y Saucillo como municipios sede para el arranque de esta iniciativa, subrayando que la carrera recreativa y el zumbat\u00f3n del domingo buscan precisamente fomentar la convivencia familiar a trav\u00e9s del deporte y la recreaci\u00f3n. \u201cQueremos fortalecer esos lazos que nos unen como familia, que salgamos juntos, convivamos, y construyamos espacios de confianza\u201d, expres\u00f3.<\/p>\n<p>Por su parte, Selene Aguirre explic\u00f3 que esta campa\u00f1a no solo contempla eventos presenciales, sino tambi\u00e9n una red de contenidos que estar\u00e1n llegando a los municipios a trav\u00e9s de c\u00e1psulas informativas y mensajes con acciones concretas que pueden implementarse desde casa. \u201cLa familia es donde aprendemos a amar, a ser nosotros mismos, y muchas veces, por ser tan importante, olvidamos cuidarla. Esta campa\u00f1a busca recordarnos eso\u201d, dijo.<\/p>\n<p>La directora destac\u00f3 tambi\u00e9n el respaldo del DIF Estatal a trav\u00e9s de su presidenta, Mar\u00eda Eugenia Galv\u00e1n, y del director general, Gabriel Eguiarte, quienes han impulsado que este mensaje llegue a todo el estado, poniendo a la familia en el centro de las acciones institucionales.<\/p>\n<p>El Gobierno Municipal de Delicias hace una cordial invitaci\u00f3n a todas las familias para que participen en esta jornada recreativa este domingo 18, a partir de las 8:30 de la ma\u00f1ana, en el punto de salida ser\u00e1 en el Reloj P\u00fablico rumbo a la avenida Agricultura. Habr\u00e1 carrera recreativa, zumbat\u00f3n y m\u00e1s actividades pensadas para disfrutar en familia.<\/p>\n","protected":false},"excerpt":{"rendered":"<p>Con el objetivo de fortalecer los lazos familiares y promover entornos seguros y positivos en el hogar, el DIF Estatal y el DIF Municipal de Delicias presentaron oficialmente la campa\u00f1a \u201cCuenta Conmigo, Tu Familia es Primero\u201d, que iniciar\u00e1 con una carrera recreativa y actividades familiares este pr\u00f3ximo domingo 18 de mayo, en conmemoraci\u00f3n del D\u00eda Internacional de la Familia. Durante una rueda de prensa encabezada por la presidenta del DIF Municipal, Alma Limas de Valenciano, y la directora del Centro Estatal de Fortalecimiento Familiar, Selene Aguirre, se explic\u00f3 que esta campa\u00f1a tiene como prop\u00f3sito llegar a las familias a trav\u00e9s de mensajes pr\u00e1cticos y sencillos, difundidos por medios de comunicaci\u00f3n y redes sociales, que impulsen la crianza positiva, la comunicaci\u00f3n asertiva y la prevenci\u00f3n de la violencia. Alma Limas agradeci\u00f3 al DIF Estatal por elegir a Delicias, Rosales y Saucillo como municipios sede para el arranque de esta iniciativa, subrayando que la carrera recreativa y el zumbat\u00f3n del domingo buscan precisamente fomentar la convivencia familiar a trav\u00e9s del deporte y la recreaci\u00f3n. \u201cQueremos fortalecer esos lazos que nos unen como familia, que salgamos juntos, convivamos, y construyamos espacios de confianza\u201d, expres\u00f3. Por su parte, Selene Aguirre explic\u00f3 que esta campa\u00f1a no solo contempla eventos presenciales, sino tambi\u00e9n una red de contenidos que estar\u00e1n llegando a los municipios a trav\u00e9s de c\u00e1psulas informativas y mensajes con acciones concretas que pueden implementarse desde casa. \u201cLa familia es donde aprendemos a amar, a ser nosotros mismos, y muchas veces, por ser tan importante, olvidamos cuidarla. Esta campa\u00f1a busca recordarnos eso\u201d, dijo. La directora destac\u00f3 tambi\u00e9n el respaldo del DIF Estatal a trav\u00e9s de su presidenta, Mar\u00eda Eugenia Galv\u00e1n, y del director general, Gabriel Eguiarte, quienes han impulsado que este mensaje llegue a todo el estado, poniendo a la familia en el centro de las acciones institucionales. El Gobierno Municipal de Delicias hace una cordial invitaci\u00f3n a todas las familias para que participen en esta jornada recreativa este domingo 18, a partir de las 8:30 de la ma\u00f1ana, en el punto de salida ser\u00e1 en el Reloj P\u00fablico rumbo a la avenida Agricultura. Habr\u00e1 carrera recreativa, zumbat\u00f3n y m\u00e1s actividades pensadas para disfrutar en familia.<\/p>\n","protected":false},"author":2,"featured_media":14860,"comment_status":"open","ping_status":"open","sticky":false,"template":"","format":"standard","meta":{"_monsterinsights_skip_tracking":false,"_monsterinsights_sitenote_active":false,"_monsterinsights_sitenote_note":"","_monsterinsights_sitenote_category":0,"advanced_seo_description":"","jetpack_seo_html_title":"","jetpack_seo_noindex":false,"_jetpack_memberships_contains_paid_content":false,"footnotes":"","jetpack_publicize_message":"","jetpack_publicize_feature_enabled":true,"jetpack_social_post_already_shared":true,"jetpack_social_options":{"image_generator_settings":{"template":"highway","enabled":false},"version":2}},"categories":[135,7,11],"tags":[],"class_list":["post-14859","post","type-post","status-publish","format-standard","has-post-thumbnail","hentry","category-lo-mas-leido","category-local","category-principal"],"jetpack_publicize_connections":[],"jetpack_sharing_enabled":true,"jetpack_featured_media_url":"https:\/\/i0.wp.com\/alcierrenoticias.com\/wp-content\/uploads\/2025\/05\/WhatsApp-Image-2025-05-14-at-7.40.10-AM.jpeg?fit=1600%2C1066&ssl=1","amp_enabled":true,"_links":{"self":[{"href":"https:\/\/alcierrenoticias.com\/index.php\/wp-json\/wp\/v2\/posts\/14859","targetHints":{"allow":["GET"]}}],"collection":[{"href":"https:\/\/alcierrenoticias.com\/index.php\/wp-json\/wp\/v2\/posts"}],"about":[{"href":"https:\/\/alcierrenoticias.com\/index.php\/wp-json\/wp\/v2\/types\/post"}],"author":[{"embeddable":true,"href":"https:\/\/alcierrenoticias.com\/index.php\/wp-json\/wp\/v2\/users\/2"}],"replies":[{"embeddable":true,"href":"https:\/\/alcierrenoticias.com\/index.php\/wp-json\/wp\/v2\/comments?post=14859"}],"version-history":[{"count":2,"href":"https:\/\/alcierrenoticias.com\/index.php\/wp-json\/wp\/v2\/posts\/14859\/revisions"}],"predecessor-version":[{"id":14862,"href":"https:\/\/alcierrenoticias.com\/index.php\/wp-json\/wp\/v2\/posts\/14859\/revisions\/14862"}],"wp:featuredmedia":[{"embeddable":true,"href":"https:\/\/alcierrenoticias.com\/index.php\/wp-json\/wp\/v2\/media\/14860"}],"wp:attachment":[{"href":"https:\/\/alcierrenoticias.com\/index.php\/wp-json\/wp\/v2\/media?parent=14859"}],"wp:term":[{"taxonomy":"category","embeddable":true,"href":"https:\/\/alcierrenoticias.com\/index.php\/wp-json\/wp\/v2\/categories?post=14859"},{"taxonomy":"post_tag","embeddable":true,"href":"https:\/\/alcierrenoticias.com\/index.php\/wp-json\/wp\/v2\/tags?post=14859"}],"curies":[{"name":"wp","href":"https:\/\/api.w.org\/{rel}","templated":true}]}}