{"id":14845,"date":"2025-05-13T15:30:37","date_gmt":"2025-05-13T21:30:37","guid":{"rendered":"https:\/\/alcierrenoticias.com\/?p=14845"},"modified":"2025-05-13T22:59:23","modified_gmt":"2025-05-14T04:59:23","slug":"supervisa-valenciano-avance-de-pavimentacion-en-la-avenida-del-parque","status":"publish","type":"post","link":"https:\/\/alcierrenoticias.com\/index.php\/2025\/05\/13\/supervisa-valenciano-avance-de-pavimentacion-en-la-avenida-del-parque\/","title":{"rendered":"Supervisa Valenciano avance de pavimentaci\u00f3n en la avenida del Parque."},"content":{"rendered":"<p>El presidente municipal Jes\u00fas Valenciano Garc\u00eda realiz\u00f3 un recorrido para supervisar los avances de pavimentaci\u00f3n en la avenida del Parque, en el tramo comprendido entre el bulevar G\u00f3mez Mor\u00edn y la avenida Agricultura, donde los se prev\u00e9 que el tramo sea reabierto a la circulaci\u00f3n este mismo mi\u00e9rcoles.<\/p>\n<p>La obra representa una inversi\u00f3n superior a 1.3 millones de pesos y abarca una superficie de m\u00e1s de 3,400 metros cuadrados, como parte del programa continuo de rehabilitaci\u00f3n vial que el Gobierno Municipal ejecuta para mejorar la movilidad y la seguridad de las y los delicienses.<\/p>\n<p>Durante el recorrido, el alcalde acompa\u00f1ado del director de Obras Alfonso Rodr\u00edguez y del regidor Aaron Hern\u00e1ndez, destac\u00f3 que este nuevo tramo se suma a los ya pavimentados en la zona, incluyendo desde la avenida G\u00f3mez Mor\u00edn hasta la calle 52, as\u00ed como desde la zona del Mercado Ju\u00e1rez hasta la iglesia M\u00e1rtires Mexicanos.<\/p>\n<p>Tambi\u00e9n record\u00f3 que se ha dado mantenimiento a tramos clave del bulevar G\u00f3mez Mor\u00edn y de la avenida Agricultura, reafirmando su compromiso de seguir trabajando tanto en la mancha urbana como en las comunidades rurales del municipio. \u201cLe hemos ido avanzando a paso firme, seguimos trabajando en toda la ciudad\u201d, expres\u00f3.<\/p>\n<p>El presidente municipal reiter\u00f3 su visi\u00f3n de seguir embelleciendo Delicias con obras que mejoren la calidad de vida de sus habitantes, fortaleciendo la infraestructura urbana y manteniendo un ritmo constante de atenci\u00f3n a las necesidades de la ciudadan\u00eda.<\/p>\n","protected":false},"excerpt":{"rendered":"<p>El presidente municipal Jes\u00fas Valenciano Garc\u00eda realiz\u00f3 un recorrido para supervisar los avances de pavimentaci\u00f3n en la avenida del Parque, en el tramo comprendido entre el bulevar G\u00f3mez Mor\u00edn y la avenida Agricultura, donde los se prev\u00e9 que el tramo sea reabierto a la circulaci\u00f3n este mismo mi\u00e9rcoles. La obra representa una inversi\u00f3n superior a 1.3 millones de pesos y abarca una superficie de m\u00e1s de 3,400 metros cuadrados, como parte del programa continuo de rehabilitaci\u00f3n vial que el Gobierno Municipal ejecuta para mejorar la movilidad y la seguridad de las y los delicienses. Durante el recorrido, el alcalde acompa\u00f1ado del director de Obras Alfonso Rodr\u00edguez y del regidor Aaron Hern\u00e1ndez, destac\u00f3 que este nuevo tramo se suma a los ya pavimentados en la zona, incluyendo desde la avenida G\u00f3mez Mor\u00edn hasta la calle 52, as\u00ed como desde la zona del Mercado Ju\u00e1rez hasta la iglesia M\u00e1rtires Mexicanos. Tambi\u00e9n record\u00f3 que se ha dado mantenimiento a tramos clave del bulevar G\u00f3mez Mor\u00edn y de la avenida Agricultura, reafirmando su compromiso de seguir trabajando tanto en la mancha urbana como en las comunidades rurales del municipio. \u201cLe hemos ido avanzando a paso firme, seguimos trabajando en toda la ciudad\u201d, expres\u00f3. El presidente municipal reiter\u00f3 su visi\u00f3n de seguir embelleciendo Delicias con obras que mejoren la calidad de vida de sus habitantes, fortaleciendo la infraestructura urbana y manteniendo un ritmo constante de atenci\u00f3n a las necesidades de la ciudadan\u00eda.<\/p>\n","protected":false},"author":2,"featured_media":14846,"comment_status":"open","ping_status":"open","sticky":false,"template":"","format":"standard","meta":{"_monsterinsights_skip_tracking":false,"_monsterinsights_sitenote_active":false,"_monsterinsights_sitenote_note":"","_monsterinsights_sitenote_category":0,"advanced_seo_description":"","jetpack_seo_html_title":"","jetpack_seo_noindex":false,"_jetpack_memberships_contains_paid_content":false,"footnotes":"","jetpack_publicize_message":"","jetpack_publicize_feature_enabled":true,"jetpack_social_post_already_shared":true,"jetpack_social_options":{"image_generator_settings":{"template":"highway","enabled":false},"version":2}},"categories":[135,7,11],"tags":[],"class_list":["post-14845","post","type-post","status-publish","format-standard","has-post-thumbnail","hentry","category-lo-mas-leido","category-local","category-principal"],"jetpack_publicize_connections":[],"jetpack_sharing_enabled":true,"jetpack_featured_media_url":"https:\/\/i0.wp.com\/alcierrenoticias.com\/wp-content\/uploads\/2025\/05\/WhatsApp-Image-2025-05-13-at-3.28.45-PM.jpeg?fit=2236%2C1491&ssl=1","amp_enabled":true,"_links":{"self":[{"href":"https:\/\/alcierrenoticias.com\/index.php\/wp-json\/wp\/v2\/posts\/14845","targetHints":{"allow":["GET"]}}],"collection":[{"href":"https:\/\/alcierrenoticias.com\/index.php\/wp-json\/wp\/v2\/posts"}],"about":[{"href":"https:\/\/alcierrenoticias.com\/index.php\/wp-json\/wp\/v2\/types\/post"}],"author":[{"embeddable":true,"href":"https:\/\/alcierrenoticias.com\/index.php\/wp-json\/wp\/v2\/users\/2"}],"replies":[{"embeddable":true,"href":"https:\/\/alcierrenoticias.com\/index.php\/wp-json\/wp\/v2\/comments?post=14845"}],"version-history":[{"count":2,"href":"https:\/\/alcierrenoticias.com\/index.php\/wp-json\/wp\/v2\/posts\/14845\/revisions"}],"predecessor-version":[{"id":14848,"href":"https:\/\/alcierrenoticias.com\/index.php\/wp-json\/wp\/v2\/posts\/14845\/revisions\/14848"}],"wp:featuredmedia":[{"embeddable":true,"href":"https:\/\/alcierrenoticias.com\/index.php\/wp-json\/wp\/v2\/media\/14846"}],"wp:attachment":[{"href":"https:\/\/alcierrenoticias.com\/index.php\/wp-json\/wp\/v2\/media?parent=14845"}],"wp:term":[{"taxonomy":"category","embeddable":true,"href":"https:\/\/alcierrenoticias.com\/index.php\/wp-json\/wp\/v2\/categories?post=14845"},{"taxonomy":"post_tag","embeddable":true,"href":"https:\/\/alcierrenoticias.com\/index.php\/wp-json\/wp\/v2\/tags?post=14845"}],"curies":[{"name":"wp","href":"https:\/\/api.w.org\/{rel}","templated":true}]}}