{"id":14841,"date":"2025-05-13T14:15:43","date_gmt":"2025-05-13T20:15:43","guid":{"rendered":"https:\/\/alcierrenoticias.com\/?p=14841"},"modified":"2025-05-13T22:57:18","modified_gmt":"2025-05-14T04:57:18","slug":"reciben-beca-mas-de-400-universitarios-de-gobierno-de-meoqui","status":"publish","type":"post","link":"https:\/\/alcierrenoticias.com\/index.php\/2025\/05\/13\/reciben-beca-mas-de-400-universitarios-de-gobierno-de-meoqui\/","title":{"rendered":"Reciben beca m\u00e1s de 400 universitarios de Gobierno de Meoqui."},"content":{"rendered":"<p>Esta semana se realizar\u00e1 la entrega correspondiente al mes de mayo<\/p>\n<p>Del 12 al 15 de mayo, se estar\u00e1 realizando la entrega del pago correspondiente al mes de mayo del programa de Becas Universitarias Econ\u00f3micas, de Convenio y de Transporte por parte del Gobierno de Meoqui, en un horario de 9 de la ma\u00f1ana a 2 de la tarde, beneficiando a m\u00e1s de 400 estudiantes del municipio.<\/p>\n<p>\u201cEl programa de becas es uno de los compromisos que la alcaldesa Miriam Soto asumi\u00f3 con la educaci\u00f3n y desde el inicio de su gesti\u00f3n, se estableci\u00f3 como una acci\u00f3n permanente que busca apoyar a los j\u00f3venes en su formaci\u00f3n profesional\u201d, Zenyith P\u00e9rez, directora de Desarrollo Social de Meoqui.<\/p>\n<p>Finalmente, hizo un llamado a las y los j\u00f3venes interesados en ingresar al programa que a\u00fan no forman parte del padr\u00f3n, para que se preparen de cara a la pr\u00f3xima convocatoria correspondiente al periodo julio-diciembre, la cual abrir\u00e1 el pr\u00f3ximo mes.<\/p>\n","protected":false},"excerpt":{"rendered":"<p>Esta semana se realizar\u00e1 la entrega correspondiente al mes de mayo Del 12 al 15 de mayo, se estar\u00e1 realizando la entrega del pago correspondiente al mes de mayo del programa de Becas Universitarias Econ\u00f3micas, de Convenio y de Transporte por parte del Gobierno de Meoqui, en un horario de 9 de la ma\u00f1ana a 2 de la tarde, beneficiando a m\u00e1s de 400 estudiantes del municipio. \u201cEl programa de becas es uno de los compromisos que la alcaldesa Miriam Soto asumi\u00f3 con la educaci\u00f3n y desde el inicio de su gesti\u00f3n, se estableci\u00f3 como una acci\u00f3n permanente que busca apoyar a los j\u00f3venes en su formaci\u00f3n profesional\u201d, Zenyith P\u00e9rez, directora de Desarrollo Social de Meoqui. Finalmente, hizo un llamado a las y los j\u00f3venes interesados en ingresar al programa que a\u00fan no forman parte del padr\u00f3n, para que se preparen de cara a la pr\u00f3xima convocatoria correspondiente al periodo julio-diciembre, la cual abrir\u00e1 el pr\u00f3ximo mes.<\/p>\n","protected":false},"author":2,"featured_media":14842,"comment_status":"open","ping_status":"open","sticky":false,"template":"","format":"standard","meta":{"_monsterinsights_skip_tracking":false,"_monsterinsights_sitenote_active":false,"_monsterinsights_sitenote_note":"","_monsterinsights_sitenote_category":0,"advanced_seo_description":"","jetpack_seo_html_title":"","jetpack_seo_noindex":false,"_jetpack_memberships_contains_paid_content":false,"footnotes":"","jetpack_publicize_message":"","jetpack_publicize_feature_enabled":true,"jetpack_social_post_already_shared":true,"jetpack_social_options":{"image_generator_settings":{"template":"highway","enabled":false},"version":2}},"categories":[135,7,11],"tags":[],"class_list":["post-14841","post","type-post","status-publish","format-standard","has-post-thumbnail","hentry","category-lo-mas-leido","category-local","category-principal"],"jetpack_publicize_connections":[],"jetpack_sharing_enabled":true,"jetpack_featured_media_url":"https:\/\/i0.wp.com\/alcierrenoticias.com\/wp-content\/uploads\/2025\/05\/WhatsApp-Image-2025-05-13-at-2.12.00-PM.jpeg?fit=1280%2C853&ssl=1","amp_enabled":true,"_links":{"self":[{"href":"https:\/\/alcierrenoticias.com\/index.php\/wp-json\/wp\/v2\/posts\/14841","targetHints":{"allow":["GET"]}}],"collection":[{"href":"https:\/\/alcierrenoticias.com\/index.php\/wp-json\/wp\/v2\/posts"}],"about":[{"href":"https:\/\/alcierrenoticias.com\/index.php\/wp-json\/wp\/v2\/types\/post"}],"author":[{"embeddable":true,"href":"https:\/\/alcierrenoticias.com\/index.php\/wp-json\/wp\/v2\/users\/2"}],"replies":[{"embeddable":true,"href":"https:\/\/alcierrenoticias.com\/index.php\/wp-json\/wp\/v2\/comments?post=14841"}],"version-history":[{"count":2,"href":"https:\/\/alcierrenoticias.com\/index.php\/wp-json\/wp\/v2\/posts\/14841\/revisions"}],"predecessor-version":[{"id":14844,"href":"https:\/\/alcierrenoticias.com\/index.php\/wp-json\/wp\/v2\/posts\/14841\/revisions\/14844"}],"wp:featuredmedia":[{"embeddable":true,"href":"https:\/\/alcierrenoticias.com\/index.php\/wp-json\/wp\/v2\/media\/14842"}],"wp:attachment":[{"href":"https:\/\/alcierrenoticias.com\/index.php\/wp-json\/wp\/v2\/media?parent=14841"}],"wp:term":[{"taxonomy":"category","embeddable":true,"href":"https:\/\/alcierrenoticias.com\/index.php\/wp-json\/wp\/v2\/categories?post=14841"},{"taxonomy":"post_tag","embeddable":true,"href":"https:\/\/alcierrenoticias.com\/index.php\/wp-json\/wp\/v2\/tags?post=14841"}],"curies":[{"name":"wp","href":"https:\/\/api.w.org\/{rel}","templated":true}]}}