{"id":14825,"date":"2025-05-13T13:14:05","date_gmt":"2025-05-13T19:14:05","guid":{"rendered":"https:\/\/alcierrenoticias.com\/?p=14825"},"modified":"2025-05-13T22:48:01","modified_gmt":"2025-05-14T04:48:01","slug":"inicia-retiro-de-postes-en-el-paseo-zaragoza-de-meoqui","status":"publish","type":"post","link":"https:\/\/alcierrenoticias.com\/index.php\/2025\/05\/13\/inicia-retiro-de-postes-en-el-paseo-zaragoza-de-meoqui\/","title":{"rendered":"Inicia retiro de postes en el Paseo Zaragoza de Meoqui."},"content":{"rendered":"<p>Ser\u00e1 el primer espacio p\u00fablico en el municipio con cableado subterr\u00e1neo<\/p>\n<p>Como parte de los \u00faltimos detalles de la Rehabilitaci\u00f3n Integral del Paseo Zaragoza en Meoqui, se dio inicio a la primera etapa del retiro de postes de luz y cableado de las empresas de telecomunicaciones, as\u00ed como tambi\u00e9n se contin\u00faa con la reforestaci\u00f3n de aproximadamente 140 \u00e1rboles, entre los que se incluyen encino rojo, encino verde, especies atmosf\u00e9ricas y olivos.<\/p>\n<p>Ulises Escobar, director de Obras P\u00fablicas de Meoqui, detall\u00f3 que estos trabajos incluyen el desmontaje de postes pertenecientes a la CFE, as\u00ed como de empresas de telecomunicaciones como Telmex e IZZI, con el objetivo de consolidar el sistema de cableado subterr\u00e1neo, el cual ya se encuentra en funcionamiento. \u201cDesde el inicio se proyect\u00f3 la inducci\u00f3n de cableado subterr\u00e1neo, lo cual se ha logrado con \u00e9xito\u201d, destac\u00f3.<\/p>\n<p>Finalmente, el funcionario explic\u00f3 que esta obra ha sido realizada de forma coordinada con la Junta Municipal de Agua y Saneamiento, que ha invertido en la infraestructura subterr\u00e1nea correspondiente al sistema de drenaje, red hidr\u00e1ulica y l\u00ednea morada, la cual permitir\u00e1 el riego de las \u00e1reas verdes. \u201cEs un esfuerzo conjunto liderado por nuestra alcaldesa Miriam Soto, para mejorar la imagen urbana y la funcionalidad del municipio\u201d, concluy\u00f3.<\/p>\n","protected":false},"excerpt":{"rendered":"<p>Ser\u00e1 el primer espacio p\u00fablico en el municipio con cableado subterr\u00e1neo Como parte de los \u00faltimos detalles de la Rehabilitaci\u00f3n Integral del Paseo Zaragoza en Meoqui, se dio inicio a la primera etapa del retiro de postes de luz y cableado de las empresas de telecomunicaciones, as\u00ed como tambi\u00e9n se contin\u00faa con la reforestaci\u00f3n de aproximadamente 140 \u00e1rboles, entre los que se incluyen encino rojo, encino verde, especies atmosf\u00e9ricas y olivos. Ulises Escobar, director de Obras P\u00fablicas de Meoqui, detall\u00f3 que estos trabajos incluyen el desmontaje de postes pertenecientes a la CFE, as\u00ed como de empresas de telecomunicaciones como Telmex e IZZI, con el objetivo de consolidar el sistema de cableado subterr\u00e1neo, el cual ya se encuentra en funcionamiento. \u201cDesde el inicio se proyect\u00f3 la inducci\u00f3n de cableado subterr\u00e1neo, lo cual se ha logrado con \u00e9xito\u201d, destac\u00f3. Finalmente, el funcionario explic\u00f3 que esta obra ha sido realizada de forma coordinada con la Junta Municipal de Agua y Saneamiento, que ha invertido en la infraestructura subterr\u00e1nea correspondiente al sistema de drenaje, red hidr\u00e1ulica y l\u00ednea morada, la cual permitir\u00e1 el riego de las \u00e1reas verdes. \u201cEs un esfuerzo conjunto liderado por nuestra alcaldesa Miriam Soto, para mejorar la imagen urbana y la funcionalidad del municipio\u201d, concluy\u00f3.<\/p>\n","protected":false},"author":2,"featured_media":14826,"comment_status":"open","ping_status":"open","sticky":false,"template":"","format":"standard","meta":{"_monsterinsights_skip_tracking":false,"_monsterinsights_sitenote_active":false,"_monsterinsights_sitenote_note":"","_monsterinsights_sitenote_category":0,"advanced_seo_description":"","jetpack_seo_html_title":"","jetpack_seo_noindex":false,"_jetpack_memberships_contains_paid_content":false,"footnotes":"","jetpack_publicize_message":"","jetpack_publicize_feature_enabled":true,"jetpack_social_post_already_shared":true,"jetpack_social_options":{"image_generator_settings":{"template":"highway","enabled":false},"version":2}},"categories":[135,7,11],"tags":[],"class_list":["post-14825","post","type-post","status-publish","format-standard","has-post-thumbnail","hentry","category-lo-mas-leido","category-local","category-principal"],"jetpack_publicize_connections":[],"jetpack_sharing_enabled":true,"jetpack_featured_media_url":"https:\/\/i0.wp.com\/alcierrenoticias.com\/wp-content\/uploads\/2025\/05\/WhatsApp-Image-2025-05-13-at-10.00.50-AM.jpeg?fit=1280%2C853&ssl=1","amp_enabled":true,"_links":{"self":[{"href":"https:\/\/alcierrenoticias.com\/index.php\/wp-json\/wp\/v2\/posts\/14825","targetHints":{"allow":["GET"]}}],"collection":[{"href":"https:\/\/alcierrenoticias.com\/index.php\/wp-json\/wp\/v2\/posts"}],"about":[{"href":"https:\/\/alcierrenoticias.com\/index.php\/wp-json\/wp\/v2\/types\/post"}],"author":[{"embeddable":true,"href":"https:\/\/alcierrenoticias.com\/index.php\/wp-json\/wp\/v2\/users\/2"}],"replies":[{"embeddable":true,"href":"https:\/\/alcierrenoticias.com\/index.php\/wp-json\/wp\/v2\/comments?post=14825"}],"version-history":[{"count":2,"href":"https:\/\/alcierrenoticias.com\/index.php\/wp-json\/wp\/v2\/posts\/14825\/revisions"}],"predecessor-version":[{"id":14828,"href":"https:\/\/alcierrenoticias.com\/index.php\/wp-json\/wp\/v2\/posts\/14825\/revisions\/14828"}],"wp:featuredmedia":[{"embeddable":true,"href":"https:\/\/alcierrenoticias.com\/index.php\/wp-json\/wp\/v2\/media\/14826"}],"wp:attachment":[{"href":"https:\/\/alcierrenoticias.com\/index.php\/wp-json\/wp\/v2\/media?parent=14825"}],"wp:term":[{"taxonomy":"category","embeddable":true,"href":"https:\/\/alcierrenoticias.com\/index.php\/wp-json\/wp\/v2\/categories?post=14825"},{"taxonomy":"post_tag","embeddable":true,"href":"https:\/\/alcierrenoticias.com\/index.php\/wp-json\/wp\/v2\/tags?post=14825"}],"curies":[{"name":"wp","href":"https:\/\/api.w.org\/{rel}","templated":true}]}}