{"id":14803,"date":"2025-05-12T11:13:53","date_gmt":"2025-05-12T17:13:53","guid":{"rendered":"https:\/\/alcierrenoticias.com\/?p=14803"},"modified":"2025-05-12T12:58:19","modified_gmt":"2025-05-12T18:58:19","slug":"impulsa-gobierno-de-meoqui-creacion-de-mural-en-estacion-consuelo-en-honor-a-sus-fundadores","status":"publish","type":"post","link":"https:\/\/alcierrenoticias.com\/index.php\/2025\/05\/12\/impulsa-gobierno-de-meoqui-creacion-de-mural-en-estacion-consuelo-en-honor-a-sus-fundadores\/","title":{"rendered":"Impulsa Gobierno de Meoqui creaci\u00f3n de mural en Estaci\u00f3n Consuelo en honor a sus fundadores."},"content":{"rendered":"<p>Ser\u00e1 pintado por el artista regional Manny Atom y contar\u00e1 con iconos como la estaci\u00f3n, el pozo, las acequias, la iglesia y los cultivos tradicionales<\/p>\n<p>Con el objetivo de rendir homenaje a las ra\u00edces hist\u00f3ricas de la comunidad, el Gobierno Municipal de Meoqui, encabezado por la alcaldesa Arq. Miriam Soto Ornelas, a trav\u00e9s de la Direcci\u00f3n de Promoci\u00f3n Regional e Historia, trabaja en la gesti\u00f3n de un mural representativo en el telebachillerato de Estaci\u00f3n Consuelo, realizado por el artista Manny Atom.<\/p>\n<p>El profesor Francisco Gonz\u00e1lez, titular de dicha direcci\u00f3n, dio a conocer que esta obra se desarrolla en conjunto con la presidencia municipal, el comit\u00e9 local y el plantel educativo, con el fin de rescatar y preservar la memoria de los fundadores de la comunidad.<\/p>\n<p>Luis Fernando Anchondo Lazcano, director del telebachillerato, expres\u00f3 su agradecimiento a la administraci\u00f3n municipal y al comit\u00e9 por el apoyo constante que han brindado al plantel. \u201cEl principal objetivo es hacer honor a los fundadores de Estaci\u00f3n Consuelo. Ya hemos platicado con descendientes de esas personalidades y queremos rendirles tributo con esta obra\u201d, coment\u00f3.<\/p>\n<p>El mural se realizar\u00e1 en una pared del plantel que hab\u00eda sido destinada desde antes de la pandemia para ese prop\u00f3sito. Adem\u00e1s, se contempla la participaci\u00f3n activa del alumnado con talento en artes pl\u00e1sticas, quienes colaborar\u00e1n en la pintura de los nombres de los fundadores. \u201cQueremos que ellos se sientan parte de esta obra, que la respeten y la cuiden\u201d, a\u00f1adi\u00f3 el director, quien tambi\u00e9n se\u00f1al\u00f3 que el proyecto contempla crear un peque\u00f1o corredor con bancas y sombra para que la comunidad pueda disfrutar del espacio.<\/p>\n<p>La obra estar\u00e1 a cargo del artista visual Manny Atom, muralista e ilustrador con amplia trayectoria nacional e internacional, quien ha expuesto en ciudades como Delicias, Meoqui, Camargo, Ciudad Ju\u00e1rez, Chihuahua y con obras en pa\u00edses como Francia, Espa\u00f1a y Puerto Rico.<\/p>\n<p>\u201cEl concepto me pareci\u00f3 muy interesante desde el principio. Quiero mantener mi estilo, pero integrando los elementos que la comunidad considera esenciales, como la estaci\u00f3n, el pozo, las acequias, la iglesia y los cultivos tradicionales\u201d, comparti\u00f3 el muralista.<\/p>\n","protected":false},"excerpt":{"rendered":"<p>Ser\u00e1 pintado por el artista regional Manny Atom y contar\u00e1 con iconos como la estaci\u00f3n, el pozo, las acequias, la iglesia y los cultivos tradicionales Con el objetivo de rendir homenaje a las ra\u00edces hist\u00f3ricas de la comunidad, el Gobierno Municipal de Meoqui, encabezado por la alcaldesa Arq. Miriam Soto Ornelas, a trav\u00e9s de la Direcci\u00f3n de Promoci\u00f3n Regional e Historia, trabaja en la gesti\u00f3n de un mural representativo en el telebachillerato de Estaci\u00f3n Consuelo, realizado por el artista Manny Atom. El profesor Francisco Gonz\u00e1lez, titular de dicha direcci\u00f3n, dio a conocer que esta obra se desarrolla en conjunto con la presidencia municipal, el comit\u00e9 local y el plantel educativo, con el fin de rescatar y preservar la memoria de los fundadores de la comunidad. Luis Fernando Anchondo Lazcano, director del telebachillerato, expres\u00f3 su agradecimiento a la administraci\u00f3n municipal y al comit\u00e9 por el apoyo constante que han brindado al plantel. \u201cEl principal objetivo es hacer honor a los fundadores de Estaci\u00f3n Consuelo. Ya hemos platicado con descendientes de esas personalidades y queremos rendirles tributo con esta obra\u201d, coment\u00f3. El mural se realizar\u00e1 en una pared del plantel que hab\u00eda sido destinada desde antes de la pandemia para ese prop\u00f3sito. Adem\u00e1s, se contempla la participaci\u00f3n activa del alumnado con talento en artes pl\u00e1sticas, quienes colaborar\u00e1n en la pintura de los nombres de los fundadores. \u201cQueremos que ellos se sientan parte de esta obra, que la respeten y la cuiden\u201d, a\u00f1adi\u00f3 el director, quien tambi\u00e9n se\u00f1al\u00f3 que el proyecto contempla crear un peque\u00f1o corredor con bancas y sombra para que la comunidad pueda disfrutar del espacio. La obra estar\u00e1 a cargo del artista visual Manny Atom, muralista e ilustrador con amplia trayectoria nacional e internacional, quien ha expuesto en ciudades como Delicias, Meoqui, Camargo, Ciudad Ju\u00e1rez, Chihuahua y con obras en pa\u00edses como Francia, Espa\u00f1a y Puerto Rico. \u201cEl concepto me pareci\u00f3 muy interesante desde el principio. Quiero mantener mi estilo, pero integrando los elementos que la comunidad considera esenciales, como la estaci\u00f3n, el pozo, las acequias, la iglesia y los cultivos tradicionales\u201d, comparti\u00f3 el muralista.<\/p>\n","protected":false},"author":2,"featured_media":14804,"comment_status":"open","ping_status":"open","sticky":false,"template":"","format":"standard","meta":{"_monsterinsights_skip_tracking":false,"_monsterinsights_sitenote_active":false,"_monsterinsights_sitenote_note":"","_monsterinsights_sitenote_category":0,"advanced_seo_description":"","jetpack_seo_html_title":"","jetpack_seo_noindex":false,"_jetpack_memberships_contains_paid_content":false,"footnotes":"","jetpack_publicize_message":"","jetpack_publicize_feature_enabled":true,"jetpack_social_post_already_shared":true,"jetpack_social_options":{"image_generator_settings":{"template":"highway","enabled":false},"version":2}},"categories":[135,7,11],"tags":[],"class_list":["post-14803","post","type-post","status-publish","format-standard","has-post-thumbnail","hentry","category-lo-mas-leido","category-local","category-principal"],"jetpack_publicize_connections":[],"jetpack_sharing_enabled":true,"jetpack_featured_media_url":"https:\/\/i0.wp.com\/alcierrenoticias.com\/wp-content\/uploads\/2025\/05\/WhatsApp-Image-2025-05-12-at-11.01.48-AM.jpeg?fit=1280%2C853&ssl=1","amp_enabled":true,"_links":{"self":[{"href":"https:\/\/alcierrenoticias.com\/index.php\/wp-json\/wp\/v2\/posts\/14803","targetHints":{"allow":["GET"]}}],"collection":[{"href":"https:\/\/alcierrenoticias.com\/index.php\/wp-json\/wp\/v2\/posts"}],"about":[{"href":"https:\/\/alcierrenoticias.com\/index.php\/wp-json\/wp\/v2\/types\/post"}],"author":[{"embeddable":true,"href":"https:\/\/alcierrenoticias.com\/index.php\/wp-json\/wp\/v2\/users\/2"}],"replies":[{"embeddable":true,"href":"https:\/\/alcierrenoticias.com\/index.php\/wp-json\/wp\/v2\/comments?post=14803"}],"version-history":[{"count":2,"href":"https:\/\/alcierrenoticias.com\/index.php\/wp-json\/wp\/v2\/posts\/14803\/revisions"}],"predecessor-version":[{"id":14806,"href":"https:\/\/alcierrenoticias.com\/index.php\/wp-json\/wp\/v2\/posts\/14803\/revisions\/14806"}],"wp:featuredmedia":[{"embeddable":true,"href":"https:\/\/alcierrenoticias.com\/index.php\/wp-json\/wp\/v2\/media\/14804"}],"wp:attachment":[{"href":"https:\/\/alcierrenoticias.com\/index.php\/wp-json\/wp\/v2\/media?parent=14803"}],"wp:term":[{"taxonomy":"category","embeddable":true,"href":"https:\/\/alcierrenoticias.com\/index.php\/wp-json\/wp\/v2\/categories?post=14803"},{"taxonomy":"post_tag","embeddable":true,"href":"https:\/\/alcierrenoticias.com\/index.php\/wp-json\/wp\/v2\/tags?post=14803"}],"curies":[{"name":"wp","href":"https:\/\/api.w.org\/{rel}","templated":true}]}}