{"id":14791,"date":"2025-05-10T15:50:09","date_gmt":"2025-05-10T21:50:09","guid":{"rendered":"https:\/\/alcierrenoticias.com\/?p=14791"},"modified":"2025-05-12T12:32:32","modified_gmt":"2025-05-12T18:32:32","slug":"hoy-celebramos-y-reconocemos-la-labor-que-las-mamas-desempenan-en-la-formacion-de-las-familias-jorge-aldana","status":"publish","type":"post","link":"https:\/\/alcierrenoticias.com\/index.php\/2025\/05\/10\/hoy-celebramos-y-reconocemos-la-labor-que-las-mamas-desempenan-en-la-formacion-de-las-familias-jorge-aldana\/","title":{"rendered":"Hoy celebramos y reconocemos la labor que las mam\u00e1s desempe\u00f1an en la formaci\u00f3n de las familias: Jorge Aldana."},"content":{"rendered":"<p>En el marco del D\u00eda de las Madres, el Presidente Municipal de Camargo, Jorge Aldana, envi\u00f3 un c\u00e1lido y afectuoso mensaje de felicitaci\u00f3n a todas las mam\u00e1s del municipio, reconociendo su esfuerzo, amor incondicional y la importante labor que desempe\u00f1an en la formaci\u00f3n de las familias camarguenses.<\/p>\n<p>\u201cHoy celebramos a las mujeres que con su amor, trabajo y dedicaci\u00f3n hacen de Camargo un mejor lugar. A todas las mam\u00e1s les mando un fuerte abrazo, mi admiraci\u00f3n y todo mi cari\u00f1o. Gracias por ser el coraz\u00f3n de nuestros hogares\u201d, expres\u00f3 el alcalde.<\/p>\n<p>El Gobierno Municipal reconoce el valor de cada madre y refrenda su compromiso de seguir trabajando por un Camargo donde ellas y sus familias vivan con bienestar y oportunidades.<\/p>\n<p>\u00a1Feliz D\u00eda de las Madres!<\/p>\n","protected":false},"excerpt":{"rendered":"<p>En el marco del D\u00eda de las Madres, el Presidente Municipal de Camargo, Jorge Aldana, envi\u00f3 un c\u00e1lido y afectuoso mensaje de felicitaci\u00f3n a todas las mam\u00e1s del municipio, reconociendo su esfuerzo, amor incondicional y la importante labor que desempe\u00f1an en la formaci\u00f3n de las familias camarguenses. \u201cHoy celebramos a las mujeres que con su amor, trabajo y dedicaci\u00f3n hacen de Camargo un mejor lugar. A todas las mam\u00e1s les mando un fuerte abrazo, mi admiraci\u00f3n y todo mi cari\u00f1o. Gracias por ser el coraz\u00f3n de nuestros hogares\u201d, expres\u00f3 el alcalde. El Gobierno Municipal reconoce el valor de cada madre y refrenda su compromiso de seguir trabajando por un Camargo donde ellas y sus familias vivan con bienestar y oportunidades. \u00a1Feliz D\u00eda de las Madres!<\/p>\n","protected":false},"author":2,"featured_media":14792,"comment_status":"open","ping_status":"open","sticky":false,"template":"","format":"standard","meta":{"_monsterinsights_skip_tracking":false,"_monsterinsights_sitenote_active":false,"_monsterinsights_sitenote_note":"","_monsterinsights_sitenote_category":0,"advanced_seo_description":"","jetpack_seo_html_title":"","jetpack_seo_noindex":false,"_jetpack_memberships_contains_paid_content":false,"footnotes":"","jetpack_publicize_message":"","jetpack_publicize_feature_enabled":true,"jetpack_social_post_already_shared":true,"jetpack_social_options":{"image_generator_settings":{"template":"highway","enabled":false},"version":2}},"categories":[8,135,11],"tags":[],"class_list":["post-14791","post","type-post","status-publish","format-standard","has-post-thumbnail","hentry","category-estado","category-lo-mas-leido","category-principal"],"jetpack_publicize_connections":[],"jetpack_sharing_enabled":true,"jetpack_featured_media_url":"https:\/\/i0.wp.com\/alcierrenoticias.com\/wp-content\/uploads\/2025\/05\/WhatsApp-Image-2025-05-10-at-3.33.21-PM.jpeg?fit=1080%2C720&ssl=1","amp_enabled":true,"_links":{"self":[{"href":"https:\/\/alcierrenoticias.com\/index.php\/wp-json\/wp\/v2\/posts\/14791","targetHints":{"allow":["GET"]}}],"collection":[{"href":"https:\/\/alcierrenoticias.com\/index.php\/wp-json\/wp\/v2\/posts"}],"about":[{"href":"https:\/\/alcierrenoticias.com\/index.php\/wp-json\/wp\/v2\/types\/post"}],"author":[{"embeddable":true,"href":"https:\/\/alcierrenoticias.com\/index.php\/wp-json\/wp\/v2\/users\/2"}],"replies":[{"embeddable":true,"href":"https:\/\/alcierrenoticias.com\/index.php\/wp-json\/wp\/v2\/comments?post=14791"}],"version-history":[{"count":2,"href":"https:\/\/alcierrenoticias.com\/index.php\/wp-json\/wp\/v2\/posts\/14791\/revisions"}],"predecessor-version":[{"id":14794,"href":"https:\/\/alcierrenoticias.com\/index.php\/wp-json\/wp\/v2\/posts\/14791\/revisions\/14794"}],"wp:featuredmedia":[{"embeddable":true,"href":"https:\/\/alcierrenoticias.com\/index.php\/wp-json\/wp\/v2\/media\/14792"}],"wp:attachment":[{"href":"https:\/\/alcierrenoticias.com\/index.php\/wp-json\/wp\/v2\/media?parent=14791"}],"wp:term":[{"taxonomy":"category","embeddable":true,"href":"https:\/\/alcierrenoticias.com\/index.php\/wp-json\/wp\/v2\/categories?post=14791"},{"taxonomy":"post_tag","embeddable":true,"href":"https:\/\/alcierrenoticias.com\/index.php\/wp-json\/wp\/v2\/tags?post=14791"}],"curies":[{"name":"wp","href":"https:\/\/api.w.org\/{rel}","templated":true}]}}