{"id":14748,"date":"2025-05-08T15:34:37","date_gmt":"2025-05-08T21:34:37","guid":{"rendered":"https:\/\/alcierrenoticias.com\/?p=14748"},"modified":"2025-05-08T23:37:09","modified_gmt":"2025-05-09T05:37:09","slug":"habra-feria-de-emprendedores-en-festival-del-dia-de-las-madres-en-meoqui","status":"publish","type":"post","link":"https:\/\/alcierrenoticias.com\/index.php\/2025\/05\/08\/habra-feria-de-emprendedores-en-festival-del-dia-de-las-madres-en-meoqui\/","title":{"rendered":"Habr\u00e1 Feria de Emprendedores en Festival del D\u00eda de las Madres en Meoqui."},"content":{"rendered":"<p>Este jueves se realizar\u00e1 en la empresa Lear y el viernes 9 en la Plaza Principal en el marco del Festival \u201cPor Amor a Mam\u00e1\u201d<\/p>\n<p>Con motivo del D\u00eda de las Madres, el Gobierno Municipal de Meoqui a trav\u00e9s de la Direcci\u00f3n de Desarrollo Econ\u00f3mico y Turismo, llevar\u00e1 a cabo una doble edici\u00f3n de la Feria de Emprendedores \u201cProduciendo con Amor\u201d, los d\u00edas jueves 8 en las instalaciones de la empresa LEAR y el viernes 9 de mayo, en la Plaza Principal a partir de las 4:30 de la tarde, en el marco del Festival \u201cPor Amor a Mam\u00e1\u201d.<\/p>\n<p>\u201cEstamos muy agradecidos de seguir promoviendo estos espacios para nuestros emprendedores locales. Invitamos a toda la ciudadan\u00eda a que consuma productos hechos con calidad por manos chihuahuenses, y sobre todo, que se sumen a este festejo dedicado a las mam\u00e1s\u201d, expres\u00f3 Alan Mata, director de Desarrollo Econ\u00f3mico y Turismo de Meoqui<\/p>\n<p>Destac\u00f3 que esto parte de la encomienda de la alcaldesa Miriam Soto, quien ha impulsado durante su gesti\u00f3n el fortalecimiento de la red de emprendimiento local, promoviendo diversas ediciones de ferias con el objetivo de fomentar el desarrollo econ\u00f3mico del municipio.<\/p>\n<p>\u201cEstamos comprometidos con seguir desarrollando la econom\u00eda familiar. Estas ferias no solo promueven el talento local, sino que son una forma concreta de apoyar a las familias que emprenden en Meoqui\u201d, agreg\u00f3 el director, invitando a todos los habitantes del municipio a sumarse a estas Ferias de Emprendedores e impulsar el consumo local.<\/p>\n","protected":false},"excerpt":{"rendered":"<p>Este jueves se realizar\u00e1 en la empresa Lear y el viernes 9 en la Plaza Principal en el marco del Festival \u201cPor Amor a Mam\u00e1\u201d Con motivo del D\u00eda de las Madres, el Gobierno Municipal de Meoqui a trav\u00e9s de la Direcci\u00f3n de Desarrollo Econ\u00f3mico y Turismo, llevar\u00e1 a cabo una doble edici\u00f3n de la Feria de Emprendedores \u201cProduciendo con Amor\u201d, los d\u00edas jueves 8 en las instalaciones de la empresa LEAR y el viernes 9 de mayo, en la Plaza Principal a partir de las 4:30 de la tarde, en el marco del Festival \u201cPor Amor a Mam\u00e1\u201d. \u201cEstamos muy agradecidos de seguir promoviendo estos espacios para nuestros emprendedores locales. Invitamos a toda la ciudadan\u00eda a que consuma productos hechos con calidad por manos chihuahuenses, y sobre todo, que se sumen a este festejo dedicado a las mam\u00e1s\u201d, expres\u00f3 Alan Mata, director de Desarrollo Econ\u00f3mico y Turismo de Meoqui Destac\u00f3 que esto parte de la encomienda de la alcaldesa Miriam Soto, quien ha impulsado durante su gesti\u00f3n el fortalecimiento de la red de emprendimiento local, promoviendo diversas ediciones de ferias con el objetivo de fomentar el desarrollo econ\u00f3mico del municipio. \u201cEstamos comprometidos con seguir desarrollando la econom\u00eda familiar. Estas ferias no solo promueven el talento local, sino que son una forma concreta de apoyar a las familias que emprenden en Meoqui\u201d, agreg\u00f3 el director, invitando a todos los habitantes del municipio a sumarse a estas Ferias de Emprendedores e impulsar el consumo local.<\/p>\n","protected":false},"author":2,"featured_media":14749,"comment_status":"open","ping_status":"open","sticky":false,"template":"","format":"standard","meta":{"_monsterinsights_skip_tracking":false,"_monsterinsights_sitenote_active":false,"_monsterinsights_sitenote_note":"","_monsterinsights_sitenote_category":0,"advanced_seo_description":"","jetpack_seo_html_title":"","jetpack_seo_noindex":false,"_jetpack_memberships_contains_paid_content":false,"footnotes":"","jetpack_publicize_message":"","jetpack_publicize_feature_enabled":true,"jetpack_social_post_already_shared":true,"jetpack_social_options":{"image_generator_settings":{"template":"highway","enabled":false},"version":2}},"categories":[135,7,11],"tags":[],"class_list":["post-14748","post","type-post","status-publish","format-standard","has-post-thumbnail","hentry","category-lo-mas-leido","category-local","category-principal"],"jetpack_publicize_connections":[],"jetpack_sharing_enabled":true,"jetpack_featured_media_url":"https:\/\/i0.wp.com\/alcierrenoticias.com\/wp-content\/uploads\/2025\/05\/WhatsApp-Image-2025-05-08-at-3.29.07-PM-e1746768976114.jpeg?fit=500%2C626&ssl=1","amp_enabled":true,"_links":{"self":[{"href":"https:\/\/alcierrenoticias.com\/index.php\/wp-json\/wp\/v2\/posts\/14748","targetHints":{"allow":["GET"]}}],"collection":[{"href":"https:\/\/alcierrenoticias.com\/index.php\/wp-json\/wp\/v2\/posts"}],"about":[{"href":"https:\/\/alcierrenoticias.com\/index.php\/wp-json\/wp\/v2\/types\/post"}],"author":[{"embeddable":true,"href":"https:\/\/alcierrenoticias.com\/index.php\/wp-json\/wp\/v2\/users\/2"}],"replies":[{"embeddable":true,"href":"https:\/\/alcierrenoticias.com\/index.php\/wp-json\/wp\/v2\/comments?post=14748"}],"version-history":[{"count":2,"href":"https:\/\/alcierrenoticias.com\/index.php\/wp-json\/wp\/v2\/posts\/14748\/revisions"}],"predecessor-version":[{"id":14751,"href":"https:\/\/alcierrenoticias.com\/index.php\/wp-json\/wp\/v2\/posts\/14748\/revisions\/14751"}],"wp:featuredmedia":[{"embeddable":true,"href":"https:\/\/alcierrenoticias.com\/index.php\/wp-json\/wp\/v2\/media\/14749"}],"wp:attachment":[{"href":"https:\/\/alcierrenoticias.com\/index.php\/wp-json\/wp\/v2\/media?parent=14748"}],"wp:term":[{"taxonomy":"category","embeddable":true,"href":"https:\/\/alcierrenoticias.com\/index.php\/wp-json\/wp\/v2\/categories?post=14748"},{"taxonomy":"post_tag","embeddable":true,"href":"https:\/\/alcierrenoticias.com\/index.php\/wp-json\/wp\/v2\/tags?post=14748"}],"curies":[{"name":"wp","href":"https:\/\/api.w.org\/{rel}","templated":true}]}}