{"id":14723,"date":"2025-05-07T15:33:38","date_gmt":"2025-05-07T21:33:38","guid":{"rendered":"https:\/\/alcierrenoticias.com\/?p=14723"},"modified":"2025-05-08T23:06:14","modified_gmt":"2025-05-09T05:06:14","slug":"concientizan-en-preescolar-de-meoqui-sobre-lavado-correcto-de-manos-para-prevenir-enfermedades","status":"publish","type":"post","link":"https:\/\/alcierrenoticias.com\/index.php\/2025\/05\/07\/concientizan-en-preescolar-de-meoqui-sobre-lavado-correcto-de-manos-para-prevenir-enfermedades\/","title":{"rendered":"Concientizan en preescolar de Meoqui sobre lavado correcto de manos para prevenir enfermedades."},"content":{"rendered":"<p>Gobierno de Meoqui realiza pl\u00e1tica en el marco del D\u00eda Mundial del Lavado de Manos<\/p>\n<p>En el marco del D\u00eda Mundial del Lavado de Manos y con el objetivo de fomentar h\u00e1bitos de higiene en los m\u00e1s peque\u00f1os y prevenir enfermedades gastrointestinales y respiratorias, el Gobierno de Meoqui, a trav\u00e9s de la Direcci\u00f3n de Salud Municipal, realiz\u00f3 una pl\u00e1tica de concientizaci\u00f3n en ni\u00f1os del preescolar \u201cCompa\u00f1eros\u201d.<\/p>\n<p>La Dra. Sayuri N\u00fa\u00f1ez, directora de Salud Municipal, mencion\u00f3 que estas acciones forman parte de una estrategia integral del Gobierno Municipal para reforzar la salud p\u00fablica a trav\u00e9s de la prevenci\u00f3n y la promoci\u00f3n de buenos h\u00e1bitos, tanto higi\u00e9nicos como alimenticios. \u201cSabemos que en la Administraci\u00f3n de la alcaldesa Miriam Soto, la salud es una prioridad, por ello llevamos pl\u00e1ticas, talleres y actividades a todos los rincones del municipio\u201d, indic\u00f3.<\/p>\n<p>Finalmente, se\u00f1al\u00f3 que estas din\u00e1micas contin\u00faan en otros centros educativos, principalmente en niveles b\u00e1sicos como k\u00ednder y primaria, para asegurar que los ni\u00f1os adquieran conocimientos esenciales sobre salud desde sus primeros a\u00f1os.<\/p>\n","protected":false},"excerpt":{"rendered":"<p>Gobierno de Meoqui realiza pl\u00e1tica en el marco del D\u00eda Mundial del Lavado de Manos En el marco del D\u00eda Mundial del Lavado de Manos y con el objetivo de fomentar h\u00e1bitos de higiene en los m\u00e1s peque\u00f1os y prevenir enfermedades gastrointestinales y respiratorias, el Gobierno de Meoqui, a trav\u00e9s de la Direcci\u00f3n de Salud Municipal, realiz\u00f3 una pl\u00e1tica de concientizaci\u00f3n en ni\u00f1os del preescolar \u201cCompa\u00f1eros\u201d. La Dra. Sayuri N\u00fa\u00f1ez, directora de Salud Municipal, mencion\u00f3 que estas acciones forman parte de una estrategia integral del Gobierno Municipal para reforzar la salud p\u00fablica a trav\u00e9s de la prevenci\u00f3n y la promoci\u00f3n de buenos h\u00e1bitos, tanto higi\u00e9nicos como alimenticios. \u201cSabemos que en la Administraci\u00f3n de la alcaldesa Miriam Soto, la salud es una prioridad, por ello llevamos pl\u00e1ticas, talleres y actividades a todos los rincones del municipio\u201d, indic\u00f3. Finalmente, se\u00f1al\u00f3 que estas din\u00e1micas contin\u00faan en otros centros educativos, principalmente en niveles b\u00e1sicos como k\u00ednder y primaria, para asegurar que los ni\u00f1os adquieran conocimientos esenciales sobre salud desde sus primeros a\u00f1os.<\/p>\n","protected":false},"author":2,"featured_media":14725,"comment_status":"open","ping_status":"open","sticky":false,"template":"","format":"standard","meta":{"_monsterinsights_skip_tracking":false,"_monsterinsights_sitenote_active":false,"_monsterinsights_sitenote_note":"","_monsterinsights_sitenote_category":0,"advanced_seo_description":"","jetpack_seo_html_title":"","jetpack_seo_noindex":false,"_jetpack_memberships_contains_paid_content":false,"footnotes":"","jetpack_publicize_message":"","jetpack_publicize_feature_enabled":true,"jetpack_social_post_already_shared":true,"jetpack_social_options":{"image_generator_settings":{"template":"highway","enabled":false},"version":2}},"categories":[135,7,11],"tags":[],"class_list":["post-14723","post","type-post","status-publish","format-standard","has-post-thumbnail","hentry","category-lo-mas-leido","category-local","category-principal"],"jetpack_publicize_connections":[],"jetpack_sharing_enabled":true,"jetpack_featured_media_url":"https:\/\/i0.wp.com\/alcierrenoticias.com\/wp-content\/uploads\/2025\/05\/WhatsApp-Image-2025-05-07-at-3.21.43-PM.jpeg?fit=934%2C700&ssl=1","amp_enabled":true,"_links":{"self":[{"href":"https:\/\/alcierrenoticias.com\/index.php\/wp-json\/wp\/v2\/posts\/14723","targetHints":{"allow":["GET"]}}],"collection":[{"href":"https:\/\/alcierrenoticias.com\/index.php\/wp-json\/wp\/v2\/posts"}],"about":[{"href":"https:\/\/alcierrenoticias.com\/index.php\/wp-json\/wp\/v2\/types\/post"}],"author":[{"embeddable":true,"href":"https:\/\/alcierrenoticias.com\/index.php\/wp-json\/wp\/v2\/users\/2"}],"replies":[{"embeddable":true,"href":"https:\/\/alcierrenoticias.com\/index.php\/wp-json\/wp\/v2\/comments?post=14723"}],"version-history":[{"count":2,"href":"https:\/\/alcierrenoticias.com\/index.php\/wp-json\/wp\/v2\/posts\/14723\/revisions"}],"predecessor-version":[{"id":14726,"href":"https:\/\/alcierrenoticias.com\/index.php\/wp-json\/wp\/v2\/posts\/14723\/revisions\/14726"}],"wp:featuredmedia":[{"embeddable":true,"href":"https:\/\/alcierrenoticias.com\/index.php\/wp-json\/wp\/v2\/media\/14725"}],"wp:attachment":[{"href":"https:\/\/alcierrenoticias.com\/index.php\/wp-json\/wp\/v2\/media?parent=14723"}],"wp:term":[{"taxonomy":"category","embeddable":true,"href":"https:\/\/alcierrenoticias.com\/index.php\/wp-json\/wp\/v2\/categories?post=14723"},{"taxonomy":"post_tag","embeddable":true,"href":"https:\/\/alcierrenoticias.com\/index.php\/wp-json\/wp\/v2\/tags?post=14723"}],"curies":[{"name":"wp","href":"https:\/\/api.w.org\/{rel}","templated":true}]}}