{"id":14719,"date":"2025-05-07T15:30:40","date_gmt":"2025-05-07T21:30:40","guid":{"rendered":"https:\/\/alcierrenoticias.com\/?p=14719"},"modified":"2025-05-08T23:02:36","modified_gmt":"2025-05-09T05:02:36","slug":"inaugura-miriam-soto-2do-muro-vinculante-ahora-en-el-callejon-5-de-febrero","status":"publish","type":"post","link":"https:\/\/alcierrenoticias.com\/index.php\/2025\/05\/07\/inaugura-miriam-soto-2do-muro-vinculante-ahora-en-el-callejon-5-de-febrero\/","title":{"rendered":"Inaugura Miriam Soto 2do Muro Vinculante, ahora en el Callej\u00f3n 5 de Febrero."},"content":{"rendered":"<p>\u201cTrabajar de la mano con los ciudadanos es clave, porque ellos son quienes conocen mejor su entorno y sus historias\u201d: Alcaldesa de Meoqui<\/p>\n<p>\u201cEste mural es una obra que no solo adorna este espacio, tambi\u00e9n es el reflejo de su historia y sus ra\u00edces, sobre todo, representa su identidad como vecinos y vecinas\u201d as\u00ed lo dijo la alcaldesa de Meoqui, Miriam Soto, tras la inauguraci\u00f3n del 2do Muro Vinculante del Programa \u201cMi Barrio me Respalda\u201d, en el Callej\u00f3n 5 de Febrero, donde los vecinos mostraron su agradecimiento.<\/p>\n<p>La alcaldesa expres\u00f3 su satisfacci\u00f3n por continuar con esta estrategia que promueve la cercan\u00eda entre la ciudadan\u00eda y la corporaci\u00f3n de seguridad, adem\u00e1s de incentivar la participaci\u00f3n comunitaria; asimismo, reconoci\u00f3 la labor de la Lic. Carolina Rodr\u00edguez, quien pint\u00f3 este muro, en el cual se plasm\u00f3 la capilla de San Juan Bosco, las v\u00edas del tren, y \u201cToclo\u201d, un perro muy querido por los habitantes de la zona, adem\u00e1s de una escena de ni\u00f1os en sus posadas, tradicionales de este callej\u00f3n.<\/p>\n<p>Miriam Soto mencion\u00f3 que este proyecto se lleva mediante el programa \u201cPolic\u00edas por la Paz\u201d, que tiene como objetivo la reconstrucci\u00f3n del tejido social siendo la Col. Genaro V\u00e1zquez la primera en contar con un muro vinculante, afirmando que continuar\u00e1 en m\u00e1s colonias del municipio. \u201cTrabajar de la mano con los ciudadanos es clave, porque ellos son quienes conocen mejor su entorno y sus historias. Vamos a seguir llevando este tipo de acciones a m\u00e1s comunidades\u201d, asegur\u00f3.<\/p>\n","protected":false},"excerpt":{"rendered":"<p>\u201cTrabajar de la mano con los ciudadanos es clave, porque ellos son quienes conocen mejor su entorno y sus historias\u201d: Alcaldesa de Meoqui \u201cEste mural es una obra que no solo adorna este espacio, tambi\u00e9n es el reflejo de su historia y sus ra\u00edces, sobre todo, representa su identidad como vecinos y vecinas\u201d as\u00ed lo dijo la alcaldesa de Meoqui, Miriam Soto, tras la inauguraci\u00f3n del 2do Muro Vinculante del Programa \u201cMi Barrio me Respalda\u201d, en el Callej\u00f3n 5 de Febrero, donde los vecinos mostraron su agradecimiento. La alcaldesa expres\u00f3 su satisfacci\u00f3n por continuar con esta estrategia que promueve la cercan\u00eda entre la ciudadan\u00eda y la corporaci\u00f3n de seguridad, adem\u00e1s de incentivar la participaci\u00f3n comunitaria; asimismo, reconoci\u00f3 la labor de la Lic. Carolina Rodr\u00edguez, quien pint\u00f3 este muro, en el cual se plasm\u00f3 la capilla de San Juan Bosco, las v\u00edas del tren, y \u201cToclo\u201d, un perro muy querido por los habitantes de la zona, adem\u00e1s de una escena de ni\u00f1os en sus posadas, tradicionales de este callej\u00f3n. Miriam Soto mencion\u00f3 que este proyecto se lleva mediante el programa \u201cPolic\u00edas por la Paz\u201d, que tiene como objetivo la reconstrucci\u00f3n del tejido social siendo la Col. Genaro V\u00e1zquez la primera en contar con un muro vinculante, afirmando que continuar\u00e1 en m\u00e1s colonias del municipio. \u201cTrabajar de la mano con los ciudadanos es clave, porque ellos son quienes conocen mejor su entorno y sus historias. Vamos a seguir llevando este tipo de acciones a m\u00e1s comunidades\u201d, asegur\u00f3.<\/p>\n","protected":false},"author":2,"featured_media":14720,"comment_status":"open","ping_status":"open","sticky":false,"template":"","format":"standard","meta":{"_monsterinsights_skip_tracking":false,"_monsterinsights_sitenote_active":false,"_monsterinsights_sitenote_note":"","_monsterinsights_sitenote_category":0,"advanced_seo_description":"","jetpack_seo_html_title":"","jetpack_seo_noindex":false,"_jetpack_memberships_contains_paid_content":false,"footnotes":"","jetpack_publicize_message":"","jetpack_publicize_feature_enabled":true,"jetpack_social_post_already_shared":true,"jetpack_social_options":{"image_generator_settings":{"template":"highway","enabled":false},"version":2}},"categories":[135,7,11],"tags":[],"class_list":["post-14719","post","type-post","status-publish","format-standard","has-post-thumbnail","hentry","category-lo-mas-leido","category-local","category-principal"],"jetpack_publicize_connections":[],"jetpack_sharing_enabled":true,"jetpack_featured_media_url":"https:\/\/i0.wp.com\/alcierrenoticias.com\/wp-content\/uploads\/2025\/05\/WhatsApp-Image-2025-05-07-at-3.21.42-PM.jpeg?fit=1280%2C853&ssl=1","amp_enabled":true,"_links":{"self":[{"href":"https:\/\/alcierrenoticias.com\/index.php\/wp-json\/wp\/v2\/posts\/14719","targetHints":{"allow":["GET"]}}],"collection":[{"href":"https:\/\/alcierrenoticias.com\/index.php\/wp-json\/wp\/v2\/posts"}],"about":[{"href":"https:\/\/alcierrenoticias.com\/index.php\/wp-json\/wp\/v2\/types\/post"}],"author":[{"embeddable":true,"href":"https:\/\/alcierrenoticias.com\/index.php\/wp-json\/wp\/v2\/users\/2"}],"replies":[{"embeddable":true,"href":"https:\/\/alcierrenoticias.com\/index.php\/wp-json\/wp\/v2\/comments?post=14719"}],"version-history":[{"count":2,"href":"https:\/\/alcierrenoticias.com\/index.php\/wp-json\/wp\/v2\/posts\/14719\/revisions"}],"predecessor-version":[{"id":14722,"href":"https:\/\/alcierrenoticias.com\/index.php\/wp-json\/wp\/v2\/posts\/14719\/revisions\/14722"}],"wp:featuredmedia":[{"embeddable":true,"href":"https:\/\/alcierrenoticias.com\/index.php\/wp-json\/wp\/v2\/media\/14720"}],"wp:attachment":[{"href":"https:\/\/alcierrenoticias.com\/index.php\/wp-json\/wp\/v2\/media?parent=14719"}],"wp:term":[{"taxonomy":"category","embeddable":true,"href":"https:\/\/alcierrenoticias.com\/index.php\/wp-json\/wp\/v2\/categories?post=14719"},{"taxonomy":"post_tag","embeddable":true,"href":"https:\/\/alcierrenoticias.com\/index.php\/wp-json\/wp\/v2\/tags?post=14719"}],"curies":[{"name":"wp","href":"https:\/\/api.w.org\/{rel}","templated":true}]}}