{"id":14641,"date":"2025-05-03T16:24:47","date_gmt":"2025-05-03T22:24:47","guid":{"rendered":"https:\/\/alcierrenoticias.com\/?p=14641"},"modified":"2025-05-05T14:26:18","modified_gmt":"2025-05-05T20:26:18","slug":"corona-miriam-soto-a-gina-estrada-como-reina-de-la-tercera-edad-en-meoqui","status":"publish","type":"post","link":"https:\/\/alcierrenoticias.com\/index.php\/2025\/05\/03\/corona-miriam-soto-a-gina-estrada-como-reina-de-la-tercera-edad-en-meoqui\/","title":{"rendered":"Corona Miriam Soto a Gina Estrada como Reina de la Tercera Edad en Meoqui."},"content":{"rendered":"<p>&#8220;Esto es solo un peque\u00f1o detalle de agradecimiento por todo lo que nos han ense\u00f1ado nuestros abuelos y abuelas\u201d: Alcaldesa<\/p>\n<p>La alcaldesa de Meoqui, Miriam Soto, coron\u00f3 a la nueva Reina de la Tercera Edad 2025, Gina Estrada, perteneciente al Grupo de Maestros Jubilados durante un gran baile en el cual se cont\u00f3 con los diversos grupos de este sector que hay en el municipio.<\/p>\n<p>La alcaldesa expres\u00f3 su emoci\u00f3n durante el evento, destacando la vitalidad y entusiasmo que los adultos mayores demuestran en cada actividad. \u201cEs impresionante la alegr\u00eda, la energ\u00eda y lo que disfrutan. Esto es solo un peque\u00f1o detalle de agradecimiento por todo lo que nos han ense\u00f1ado nuestros abuelos y abuelas\u201d, mencion\u00f3.<\/p>\n<p>Por otra parte, reconoci\u00f3 la labor del equipo del DIF Municipal, encabezado por su presidenta Norelia Hern\u00e1ndez y su director Luis Valles, as\u00ed como a do\u00f1a Carmen Cota, coordinadora de los grupos de la tercera edad, por su compromiso y dedicaci\u00f3n a favor de este sector de la poblaci\u00f3n.<\/p>\n<p>As\u00ed mismo, Miriam Soto reafirm\u00f3 su compromiso de seguir trabajando por los grupos de la tercera edad durante su Gobierno: \u201cTrabajamos como municipio para nuestros grupos de la tercera edad, generando espacios donde puedan convivir, compartir y seguir disfrutando de la vida con entusiasmo\u201d.<\/p>\n<p>Finalmente, la alcaldesa extendi\u00f3 una enorme felicitaci\u00f3n tanto a la nueva Reina de la Tercera Edad como a las dem\u00e1s concursantes por haber formado parte de este bello momento.<\/p>\n","protected":false},"excerpt":{"rendered":"<p>&#8220;Esto es solo un peque\u00f1o detalle de agradecimiento por todo lo que nos han ense\u00f1ado nuestros abuelos y abuelas\u201d: Alcaldesa La alcaldesa de Meoqui, Miriam Soto, coron\u00f3 a la nueva Reina de la Tercera Edad 2025, Gina Estrada, perteneciente al Grupo de Maestros Jubilados durante un gran baile en el cual se cont\u00f3 con los diversos grupos de este sector que hay en el municipio. La alcaldesa expres\u00f3 su emoci\u00f3n durante el evento, destacando la vitalidad y entusiasmo que los adultos mayores demuestran en cada actividad. \u201cEs impresionante la alegr\u00eda, la energ\u00eda y lo que disfrutan. Esto es solo un peque\u00f1o detalle de agradecimiento por todo lo que nos han ense\u00f1ado nuestros abuelos y abuelas\u201d, mencion\u00f3. Por otra parte, reconoci\u00f3 la labor del equipo del DIF Municipal, encabezado por su presidenta Norelia Hern\u00e1ndez y su director Luis Valles, as\u00ed como a do\u00f1a Carmen Cota, coordinadora de los grupos de la tercera edad, por su compromiso y dedicaci\u00f3n a favor de este sector de la poblaci\u00f3n. As\u00ed mismo, Miriam Soto reafirm\u00f3 su compromiso de seguir trabajando por los grupos de la tercera edad durante su Gobierno: \u201cTrabajamos como municipio para nuestros grupos de la tercera edad, generando espacios donde puedan convivir, compartir y seguir disfrutando de la vida con entusiasmo\u201d. Finalmente, la alcaldesa extendi\u00f3 una enorme felicitaci\u00f3n tanto a la nueva Reina de la Tercera Edad como a las dem\u00e1s concursantes por haber formado parte de este bello momento.<\/p>\n","protected":false},"author":2,"featured_media":14642,"comment_status":"open","ping_status":"open","sticky":false,"template":"","format":"standard","meta":{"_monsterinsights_skip_tracking":false,"_monsterinsights_sitenote_active":false,"_monsterinsights_sitenote_note":"","_monsterinsights_sitenote_category":0,"advanced_seo_description":"","jetpack_seo_html_title":"","jetpack_seo_noindex":false,"_jetpack_memberships_contains_paid_content":false,"footnotes":"","jetpack_publicize_message":"","jetpack_publicize_feature_enabled":true,"jetpack_social_post_already_shared":true,"jetpack_social_options":{"image_generator_settings":{"template":"highway","enabled":false},"version":2}},"categories":[135,7,11],"tags":[],"class_list":["post-14641","post","type-post","status-publish","format-standard","has-post-thumbnail","hentry","category-lo-mas-leido","category-local","category-principal"],"jetpack_publicize_connections":[],"jetpack_sharing_enabled":true,"jetpack_featured_media_url":"https:\/\/i0.wp.com\/alcierrenoticias.com\/wp-content\/uploads\/2025\/05\/WhatsApp-Image-2025-05-03-at-4.11.25-PM.jpeg?fit=1280%2C853&ssl=1","amp_enabled":true,"_links":{"self":[{"href":"https:\/\/alcierrenoticias.com\/index.php\/wp-json\/wp\/v2\/posts\/14641","targetHints":{"allow":["GET"]}}],"collection":[{"href":"https:\/\/alcierrenoticias.com\/index.php\/wp-json\/wp\/v2\/posts"}],"about":[{"href":"https:\/\/alcierrenoticias.com\/index.php\/wp-json\/wp\/v2\/types\/post"}],"author":[{"embeddable":true,"href":"https:\/\/alcierrenoticias.com\/index.php\/wp-json\/wp\/v2\/users\/2"}],"replies":[{"embeddable":true,"href":"https:\/\/alcierrenoticias.com\/index.php\/wp-json\/wp\/v2\/comments?post=14641"}],"version-history":[{"count":2,"href":"https:\/\/alcierrenoticias.com\/index.php\/wp-json\/wp\/v2\/posts\/14641\/revisions"}],"predecessor-version":[{"id":14644,"href":"https:\/\/alcierrenoticias.com\/index.php\/wp-json\/wp\/v2\/posts\/14641\/revisions\/14644"}],"wp:featuredmedia":[{"embeddable":true,"href":"https:\/\/alcierrenoticias.com\/index.php\/wp-json\/wp\/v2\/media\/14642"}],"wp:attachment":[{"href":"https:\/\/alcierrenoticias.com\/index.php\/wp-json\/wp\/v2\/media?parent=14641"}],"wp:term":[{"taxonomy":"category","embeddable":true,"href":"https:\/\/alcierrenoticias.com\/index.php\/wp-json\/wp\/v2\/categories?post=14641"},{"taxonomy":"post_tag","embeddable":true,"href":"https:\/\/alcierrenoticias.com\/index.php\/wp-json\/wp\/v2\/tags?post=14641"}],"curies":[{"name":"wp","href":"https:\/\/api.w.org\/{rel}","templated":true}]}}