{"id":14637,"date":"2025-05-03T12:41:05","date_gmt":"2025-05-03T18:41:05","guid":{"rendered":"https:\/\/alcierrenoticias.com\/?p=14637"},"modified":"2025-05-05T14:22:30","modified_gmt":"2025-05-05T20:22:30","slug":"reconocen-el-talento-de-integrantes-de-la-compania-de-danza-folclorica-de-delicias","status":"publish","type":"post","link":"https:\/\/alcierrenoticias.com\/index.php\/2025\/05\/03\/reconocen-el-talento-de-integrantes-de-la-compania-de-danza-folclorica-de-delicias\/","title":{"rendered":"Reconocen el talento de integrantes de la Compa\u00f1\u00eda de Danza Folcl\u00f3rica de Delicias."},"content":{"rendered":"<p>Con gran orgullo, se llev\u00f3 a cabo la entrega de reconocimientos a los integrantes de la Compa\u00f1\u00eda de Danza Folcl\u00f3rica del municipio de Delicias, en una ceremonia realizada en el Centro Cultural Cleof\u00e1s Villegas. El evento reuni\u00f3 a familiares y amigos para celebrar el compromiso y talento de quienes mantienen viva la tradici\u00f3n folcl\u00f3rica en la regi\u00f3n.<\/p>\n<p>Durante la ceremonia, se presentaron diversos n\u00fameros art\u00edsticos que arrancaron aplausos del p\u00fablico, destacando la disciplina, coordinaci\u00f3n y pasi\u00f3n que caracteriza a los bailarines. Las presentaciones reflejaron el esfuerzo constante que han demostrado en cada ensayo y escenario donde han representado a Delicias con orgullo.<\/p>\n<p>El director de la compa\u00f1\u00eda de danza, profesor Juan Ortiz Salcido encargado de entregar los reconocimientos, dedic\u00f3 unas palabras especiales a cada uno de los integrantes, resaltando sus cualidades personales, avances t\u00e9cnicos y el esp\u00edritu de compa\u00f1erismo que los distingue. Su intervenci\u00f3n fue uno de los momentos m\u00e1s emotivos de la jornada.<\/p>\n","protected":false},"excerpt":{"rendered":"<p>Con gran orgullo, se llev\u00f3 a cabo la entrega de reconocimientos a los integrantes de la Compa\u00f1\u00eda de Danza Folcl\u00f3rica del municipio de Delicias, en una ceremonia realizada en el Centro Cultural Cleof\u00e1s Villegas. El evento reuni\u00f3 a familiares y amigos para celebrar el compromiso y talento de quienes mantienen viva la tradici\u00f3n folcl\u00f3rica en la regi\u00f3n. Durante la ceremonia, se presentaron diversos n\u00fameros art\u00edsticos que arrancaron aplausos del p\u00fablico, destacando la disciplina, coordinaci\u00f3n y pasi\u00f3n que caracteriza a los bailarines. Las presentaciones reflejaron el esfuerzo constante que han demostrado en cada ensayo y escenario donde han representado a Delicias con orgullo. El director de la compa\u00f1\u00eda de danza, profesor Juan Ortiz Salcido encargado de entregar los reconocimientos, dedic\u00f3 unas palabras especiales a cada uno de los integrantes, resaltando sus cualidades personales, avances t\u00e9cnicos y el esp\u00edritu de compa\u00f1erismo que los distingue. Su intervenci\u00f3n fue uno de los momentos m\u00e1s emotivos de la jornada.<\/p>\n","protected":false},"author":2,"featured_media":14638,"comment_status":"open","ping_status":"open","sticky":false,"template":"","format":"standard","meta":{"_monsterinsights_skip_tracking":false,"_monsterinsights_sitenote_active":false,"_monsterinsights_sitenote_note":"","_monsterinsights_sitenote_category":0,"advanced_seo_description":"","jetpack_seo_html_title":"","jetpack_seo_noindex":false,"_jetpack_memberships_contains_paid_content":false,"footnotes":"","jetpack_publicize_message":"","jetpack_publicize_feature_enabled":true,"jetpack_social_post_already_shared":true,"jetpack_social_options":{"image_generator_settings":{"template":"highway","enabled":false},"version":2}},"categories":[135,7,11],"tags":[],"class_list":["post-14637","post","type-post","status-publish","format-standard","has-post-thumbnail","hentry","category-lo-mas-leido","category-local","category-principal"],"jetpack_publicize_connections":[],"jetpack_sharing_enabled":true,"jetpack_featured_media_url":"https:\/\/i0.wp.com\/alcierrenoticias.com\/wp-content\/uploads\/2025\/05\/WhatsApp-Image-2025-05-03-at-12.29.32-PM.jpeg?fit=1600%2C1200&ssl=1","amp_enabled":true,"_links":{"self":[{"href":"https:\/\/alcierrenoticias.com\/index.php\/wp-json\/wp\/v2\/posts\/14637","targetHints":{"allow":["GET"]}}],"collection":[{"href":"https:\/\/alcierrenoticias.com\/index.php\/wp-json\/wp\/v2\/posts"}],"about":[{"href":"https:\/\/alcierrenoticias.com\/index.php\/wp-json\/wp\/v2\/types\/post"}],"author":[{"embeddable":true,"href":"https:\/\/alcierrenoticias.com\/index.php\/wp-json\/wp\/v2\/users\/2"}],"replies":[{"embeddable":true,"href":"https:\/\/alcierrenoticias.com\/index.php\/wp-json\/wp\/v2\/comments?post=14637"}],"version-history":[{"count":1,"href":"https:\/\/alcierrenoticias.com\/index.php\/wp-json\/wp\/v2\/posts\/14637\/revisions"}],"predecessor-version":[{"id":14639,"href":"https:\/\/alcierrenoticias.com\/index.php\/wp-json\/wp\/v2\/posts\/14637\/revisions\/14639"}],"wp:featuredmedia":[{"embeddable":true,"href":"https:\/\/alcierrenoticias.com\/index.php\/wp-json\/wp\/v2\/media\/14638"}],"wp:attachment":[{"href":"https:\/\/alcierrenoticias.com\/index.php\/wp-json\/wp\/v2\/media?parent=14637"}],"wp:term":[{"taxonomy":"category","embeddable":true,"href":"https:\/\/alcierrenoticias.com\/index.php\/wp-json\/wp\/v2\/categories?post=14637"},{"taxonomy":"post_tag","embeddable":true,"href":"https:\/\/alcierrenoticias.com\/index.php\/wp-json\/wp\/v2\/tags?post=14637"}],"curies":[{"name":"wp","href":"https:\/\/api.w.org\/{rel}","templated":true}]}}