{"id":14633,"date":"2025-05-02T19:17:16","date_gmt":"2025-05-03T01:17:16","guid":{"rendered":"https:\/\/alcierrenoticias.com\/?p=14633"},"modified":"2025-05-05T14:20:51","modified_gmt":"2025-05-05T20:20:51","slug":"inauguran-miriam-soto-y-rafael-loera-la-primera-estancia-infantil-municipal-en-meoqui","status":"publish","type":"post","link":"https:\/\/alcierrenoticias.com\/index.php\/2025\/05\/02\/inauguran-miriam-soto-y-rafael-loera-la-primera-estancia-infantil-municipal-en-meoqui\/","title":{"rendered":"Inauguran Miriam Soto y Rafael Loera la primera Estancia Infantil Municipal en Meoqui."},"content":{"rendered":"<p>Invierten Gobierno del Estado y Municipio de Meoqui 2.5 MDP en habilitaci\u00f3n de guarder\u00eda Mundo M\u00e1gico<\/p>\n<p>\u201cEsto es un sue\u00f1o hecho realidad\u201d, as\u00ed lo dijo la alcaldesa de Meoqui, Miriam Soto, quien estuvo acompa\u00f1ada del secretario de Desarrollo Humano y Bien Com\u00fan, Rafael Loera, en la inauguraci\u00f3n de la Estancia Infantil \u201cMundo M\u00e1gico\u201d, gracias a la suma de esfuerzos entre Gobierno Municipal y Gobierno del Estado, con una inversi\u00f3n de 2.5 MDP, en la cual se habilitaron diversas \u00e1reas para el desarrollo de los ni\u00f1os, as\u00ed como tambi\u00e9n comedor, cocina, ba\u00f1os y \u00e1rea de juegos, entre otras.<\/p>\n<p>&#8220;Esto no es solo una obra f\u00edsica, sino un acto de justicia social para muchas familias que hoy pueden dejar a sus hijos en un lugar seguro mientras trabajan, sabiendo que recibir\u00e1n atenci\u00f3n de calidad. &#8220;Adem\u00e1s, se abrir\u00e1n espacios para ni\u00f1os con discapacidad, algo fundamental para avanzar como sociedad inclusiva&#8221;, destac\u00f3 la alcaldesa Miriam Soto, a\u00f1adiendo que, adem\u00e1s, se cuentan con becas de hasta 2 mil 200 pesos para aquellas personas que se encuentran en situaci\u00f3n de vulnerabilidad.<\/p>\n<p>El secretario Rafael Loera reconoci\u00f3 la inversi\u00f3n de m\u00e1s de un mill\u00f3n y medio de pesos del municipio. Tambi\u00e9n destac\u00f3 la visi\u00f3n de la alcaldesa Miriam Soto para rescatar espacios p\u00fablicos y transformarlos en infraestructura \u00fatil para la comunidad.<\/p>\n<p>&#8220;Estamos hablando de un proyecto que no solo beneficia a madres y padres trabajadores, sino que forma parte de un esfuerzo estatal m\u00e1s amplio. Ya vamos en m\u00e1s de 370 estancias infantiles en todo el estado, con becas de hasta 2 mil 200 pesos mensuales para ni\u00f1os en situaci\u00f3n de vulnerabilidad, lo que permite que muchas familias accedan a este servicio pr\u00e1cticamente sin costo&#8221;, explic\u00f3 Rafael Loera.<\/p>\n<p>Finalmente, la alcaldesa Miriam Soto coment\u00f3 que esta nueva estancia infantil no solo representa una opci\u00f3n segura para el cuidado infantil, sino una herramienta que fortalece la econom\u00eda familiar, promueve la equidad de g\u00e9nero y mejora la calidad de vida de ni\u00f1os y ni\u00f1as meoquenses.<\/p>\n","protected":false},"excerpt":{"rendered":"<p>Invierten Gobierno del Estado y Municipio de Meoqui 2.5 MDP en habilitaci\u00f3n de guarder\u00eda Mundo M\u00e1gico \u201cEsto es un sue\u00f1o hecho realidad\u201d, as\u00ed lo dijo la alcaldesa de Meoqui, Miriam Soto, quien estuvo acompa\u00f1ada del secretario de Desarrollo Humano y Bien Com\u00fan, Rafael Loera, en la inauguraci\u00f3n de la Estancia Infantil \u201cMundo M\u00e1gico\u201d, gracias a la suma de esfuerzos entre Gobierno Municipal y Gobierno del Estado, con una inversi\u00f3n de 2.5 MDP, en la cual se habilitaron diversas \u00e1reas para el desarrollo de los ni\u00f1os, as\u00ed como tambi\u00e9n comedor, cocina, ba\u00f1os y \u00e1rea de juegos, entre otras. &#8220;Esto no es solo una obra f\u00edsica, sino un acto de justicia social para muchas familias que hoy pueden dejar a sus hijos en un lugar seguro mientras trabajan, sabiendo que recibir\u00e1n atenci\u00f3n de calidad. &#8220;Adem\u00e1s, se abrir\u00e1n espacios para ni\u00f1os con discapacidad, algo fundamental para avanzar como sociedad inclusiva&#8221;, destac\u00f3 la alcaldesa Miriam Soto, a\u00f1adiendo que, adem\u00e1s, se cuentan con becas de hasta 2 mil 200 pesos para aquellas personas que se encuentran en situaci\u00f3n de vulnerabilidad. El secretario Rafael Loera reconoci\u00f3 la inversi\u00f3n de m\u00e1s de un mill\u00f3n y medio de pesos del municipio. Tambi\u00e9n destac\u00f3 la visi\u00f3n de la alcaldesa Miriam Soto para rescatar espacios p\u00fablicos y transformarlos en infraestructura \u00fatil para la comunidad. &#8220;Estamos hablando de un proyecto que no solo beneficia a madres y padres trabajadores, sino que forma parte de un esfuerzo estatal m\u00e1s amplio. Ya vamos en m\u00e1s de 370 estancias infantiles en todo el estado, con becas de hasta 2 mil 200 pesos mensuales para ni\u00f1os en situaci\u00f3n de vulnerabilidad, lo que permite que muchas familias accedan a este servicio pr\u00e1cticamente sin costo&#8221;, explic\u00f3 Rafael Loera. Finalmente, la alcaldesa Miriam Soto coment\u00f3 que esta nueva estancia infantil no solo representa una opci\u00f3n segura para el cuidado infantil, sino una herramienta que fortalece la econom\u00eda familiar, promueve la equidad de g\u00e9nero y mejora la calidad de vida de ni\u00f1os y ni\u00f1as meoquenses.<\/p>\n","protected":false},"author":2,"featured_media":14634,"comment_status":"open","ping_status":"open","sticky":false,"template":"","format":"standard","meta":{"_monsterinsights_skip_tracking":false,"_monsterinsights_sitenote_active":false,"_monsterinsights_sitenote_note":"","_monsterinsights_sitenote_category":0,"advanced_seo_description":"","jetpack_seo_html_title":"","jetpack_seo_noindex":false,"_jetpack_memberships_contains_paid_content":false,"footnotes":"","jetpack_publicize_message":"","jetpack_publicize_feature_enabled":true,"jetpack_social_post_already_shared":true,"jetpack_social_options":{"image_generator_settings":{"template":"highway","enabled":false},"version":2}},"categories":[135,7,11],"tags":[],"class_list":["post-14633","post","type-post","status-publish","format-standard","has-post-thumbnail","hentry","category-lo-mas-leido","category-local","category-principal"],"jetpack_publicize_connections":[],"jetpack_sharing_enabled":true,"jetpack_featured_media_url":"https:\/\/i0.wp.com\/alcierrenoticias.com\/wp-content\/uploads\/2025\/05\/WhatsApp-Image-2025-05-02-at-6.37.52-PM.jpeg?fit=1280%2C853&ssl=1","amp_enabled":true,"_links":{"self":[{"href":"https:\/\/alcierrenoticias.com\/index.php\/wp-json\/wp\/v2\/posts\/14633","targetHints":{"allow":["GET"]}}],"collection":[{"href":"https:\/\/alcierrenoticias.com\/index.php\/wp-json\/wp\/v2\/posts"}],"about":[{"href":"https:\/\/alcierrenoticias.com\/index.php\/wp-json\/wp\/v2\/types\/post"}],"author":[{"embeddable":true,"href":"https:\/\/alcierrenoticias.com\/index.php\/wp-json\/wp\/v2\/users\/2"}],"replies":[{"embeddable":true,"href":"https:\/\/alcierrenoticias.com\/index.php\/wp-json\/wp\/v2\/comments?post=14633"}],"version-history":[{"count":2,"href":"https:\/\/alcierrenoticias.com\/index.php\/wp-json\/wp\/v2\/posts\/14633\/revisions"}],"predecessor-version":[{"id":14636,"href":"https:\/\/alcierrenoticias.com\/index.php\/wp-json\/wp\/v2\/posts\/14633\/revisions\/14636"}],"wp:featuredmedia":[{"embeddable":true,"href":"https:\/\/alcierrenoticias.com\/index.php\/wp-json\/wp\/v2\/media\/14634"}],"wp:attachment":[{"href":"https:\/\/alcierrenoticias.com\/index.php\/wp-json\/wp\/v2\/media?parent=14633"}],"wp:term":[{"taxonomy":"category","embeddable":true,"href":"https:\/\/alcierrenoticias.com\/index.php\/wp-json\/wp\/v2\/categories?post=14633"},{"taxonomy":"post_tag","embeddable":true,"href":"https:\/\/alcierrenoticias.com\/index.php\/wp-json\/wp\/v2\/tags?post=14633"}],"curies":[{"name":"wp","href":"https:\/\/api.w.org\/{rel}","templated":true}]}}