{"id":14622,"date":"2025-05-02T16:30:26","date_gmt":"2025-05-02T22:30:26","guid":{"rendered":"https:\/\/alcierrenoticias.com\/?p=14622"},"modified":"2025-05-05T14:04:50","modified_gmt":"2025-05-05T20:04:50","slug":"lanzara-gobierno-de-meoqui-programa-ahorra-es-cuando-para-descuento-en-rezago-de-predial","status":"publish","type":"post","link":"https:\/\/alcierrenoticias.com\/index.php\/2025\/05\/02\/lanzara-gobierno-de-meoqui-programa-ahorra-es-cuando-para-descuento-en-rezago-de-predial\/","title":{"rendered":"Lanzar\u00e1 Gobierno de Meoqui Programa \u201cAhorra es Cuando\u201d para descuento en rezago de predial."},"content":{"rendered":"<p>Estar\u00e1 vigente del 12 de mayo al 31 de julio, con descuentos de hasta el 100%<\/p>\n<p>Del 12 de mayo al 31 de julio del 2025, el Gobierno Municipal de Meoqui, lanzar\u00e1 el programa \u201cAhorra es Cuando\u201d, con el objetivo de facilitar que los ciudadanos se pongan al corriente en el pago del predial y ofrecer\u00e1 descuentos de hasta el 100% en recargos del impuesto predial, as\u00ed como convenios de pago en parcialidades, ya sea en un plazo de dos meses o con pagos distribuidos hasta finales de diciembre del presente a\u00f1o.<\/p>\n<p>As\u00ed lo dio a conocer la C.P. Roc\u00edo Carmona, Tesorera del municipio de Meoqui, quien destac\u00f3 que el pago oportuno del predial se refleja directamente en obras p\u00fablicas y mejores servicios para los meoquenses y se\u00f1al\u00f3 que esta iniciativa responde al compromiso de la alcaldesa, Miriam Soto, con la ciudadan\u00eda y la transparencia en la recaudaci\u00f3n.<\/p>\n<p>Finalmente, la Tesorera extendi\u00f3 una invitaci\u00f3n a la poblaci\u00f3n para aprovechar esta \u00fanica oportunidad de regularizar su situaci\u00f3n fiscal, agradeciendo tambi\u00e9n la buena respuesta de la ciudadan\u00eda durante las campa\u00f1as anteriores realizadas en enero, febrero y marzo.<\/p>\n","protected":false},"excerpt":{"rendered":"<p>Estar\u00e1 vigente del 12 de mayo al 31 de julio, con descuentos de hasta el 100% Del 12 de mayo al 31 de julio del 2025, el Gobierno Municipal de Meoqui, lanzar\u00e1 el programa \u201cAhorra es Cuando\u201d, con el objetivo de facilitar que los ciudadanos se pongan al corriente en el pago del predial y ofrecer\u00e1 descuentos de hasta el 100% en recargos del impuesto predial, as\u00ed como convenios de pago en parcialidades, ya sea en un plazo de dos meses o con pagos distribuidos hasta finales de diciembre del presente a\u00f1o. As\u00ed lo dio a conocer la C.P. Roc\u00edo Carmona, Tesorera del municipio de Meoqui, quien destac\u00f3 que el pago oportuno del predial se refleja directamente en obras p\u00fablicas y mejores servicios para los meoquenses y se\u00f1al\u00f3 que esta iniciativa responde al compromiso de la alcaldesa, Miriam Soto, con la ciudadan\u00eda y la transparencia en la recaudaci\u00f3n. Finalmente, la Tesorera extendi\u00f3 una invitaci\u00f3n a la poblaci\u00f3n para aprovechar esta \u00fanica oportunidad de regularizar su situaci\u00f3n fiscal, agradeciendo tambi\u00e9n la buena respuesta de la ciudadan\u00eda durante las campa\u00f1as anteriores realizadas en enero, febrero y marzo.<\/p>\n","protected":false},"author":2,"featured_media":14623,"comment_status":"open","ping_status":"open","sticky":false,"template":"","format":"standard","meta":{"_monsterinsights_skip_tracking":false,"_monsterinsights_sitenote_active":false,"_monsterinsights_sitenote_note":"","_monsterinsights_sitenote_category":0,"advanced_seo_description":"","jetpack_seo_html_title":"","jetpack_seo_noindex":false,"_jetpack_memberships_contains_paid_content":false,"footnotes":"","jetpack_publicize_message":"","jetpack_publicize_feature_enabled":true,"jetpack_social_post_already_shared":true,"jetpack_social_options":{"image_generator_settings":{"template":"highway","enabled":false},"version":2}},"categories":[135,7,11],"tags":[],"class_list":["post-14622","post","type-post","status-publish","format-standard","has-post-thumbnail","hentry","category-lo-mas-leido","category-local","category-principal"],"jetpack_publicize_connections":[],"jetpack_sharing_enabled":true,"jetpack_featured_media_url":"https:\/\/i0.wp.com\/alcierrenoticias.com\/wp-content\/uploads\/2025\/05\/WhatsApp-Image-2025-05-02-at-4.13.44-PM-e1746475471424.jpeg?fit=400%2C500&ssl=1","amp_enabled":true,"_links":{"self":[{"href":"https:\/\/alcierrenoticias.com\/index.php\/wp-json\/wp\/v2\/posts\/14622","targetHints":{"allow":["GET"]}}],"collection":[{"href":"https:\/\/alcierrenoticias.com\/index.php\/wp-json\/wp\/v2\/posts"}],"about":[{"href":"https:\/\/alcierrenoticias.com\/index.php\/wp-json\/wp\/v2\/types\/post"}],"author":[{"embeddable":true,"href":"https:\/\/alcierrenoticias.com\/index.php\/wp-json\/wp\/v2\/users\/2"}],"replies":[{"embeddable":true,"href":"https:\/\/alcierrenoticias.com\/index.php\/wp-json\/wp\/v2\/comments?post=14622"}],"version-history":[{"count":2,"href":"https:\/\/alcierrenoticias.com\/index.php\/wp-json\/wp\/v2\/posts\/14622\/revisions"}],"predecessor-version":[{"id":14627,"href":"https:\/\/alcierrenoticias.com\/index.php\/wp-json\/wp\/v2\/posts\/14622\/revisions\/14627"}],"wp:featuredmedia":[{"embeddable":true,"href":"https:\/\/alcierrenoticias.com\/index.php\/wp-json\/wp\/v2\/media\/14623"}],"wp:attachment":[{"href":"https:\/\/alcierrenoticias.com\/index.php\/wp-json\/wp\/v2\/media?parent=14622"}],"wp:term":[{"taxonomy":"category","embeddable":true,"href":"https:\/\/alcierrenoticias.com\/index.php\/wp-json\/wp\/v2\/categories?post=14622"},{"taxonomy":"post_tag","embeddable":true,"href":"https:\/\/alcierrenoticias.com\/index.php\/wp-json\/wp\/v2\/tags?post=14622"}],"curies":[{"name":"wp","href":"https:\/\/api.w.org\/{rel}","templated":true}]}}