{"id":14618,"date":"2025-05-02T14:00:34","date_gmt":"2025-05-02T20:00:34","guid":{"rendered":"https:\/\/alcierrenoticias.com\/?p=14618"},"modified":"2025-05-05T14:05:45","modified_gmt":"2025-05-05T20:05:45","slug":"anuncia-jorge-aldana-feria-de-servicios-del-gobierno-del-estado-en-camargo-el-proximo-14-de-mayo","status":"publish","type":"post","link":"https:\/\/alcierrenoticias.com\/index.php\/2025\/05\/02\/anuncia-jorge-aldana-feria-de-servicios-del-gobierno-del-estado-en-camargo-el-proximo-14-de-mayo\/","title":{"rendered":"Anuncia Jorge Aldana feria de servicios del Gobierno del Estado en Camargo el pr\u00f3ximo 14 de mayo."},"content":{"rendered":"<p>El presidente municipal Jorge Aldana anunci\u00f3 la realizaci\u00f3n de la Feria de Servicios del Gobierno del Estado el pr\u00f3ximo mi\u00e9rcoles 14 de mayo desde las 10:30 am en las instalaciones del Poliforo Municipal, evento que acercar\u00e1 m\u00faltiples beneficios a las familias camarguenses a trav\u00e9s de diversas dependencias estatales.<\/p>\n<p>Aldana destac\u00f3 la importancia de esta jornada como una oportunidad para brindar una mejor atenci\u00f3n a la ciudadan\u00eda, al concentrar en un solo espacio los servicios gratuitos que ofrecen diferentes secretar\u00edas del Gobierno del Estado.<br \/>\n\u201cAgradecemos a la Secretar\u00eda de Desarrollo Humano y Bien Com\u00fan por la organizaci\u00f3n de esta feria de servicios y por venir a Camargo para traer beneficios directos a nuestra gente. En esta feria contaremos con la atenci\u00f3n de distintas dependencias estatales, y lo mejor es que todos los servicios ser\u00e1n totalmente gratuitos para las y los camarguenses\u201d, expres\u00f3 el alcalde.<\/p>\n<p>Durante la feria, se brindar\u00e1 atenci\u00f3n directa en temas como salud, asesor\u00eda jur\u00eddica, programas sociales, apoyo a adultos mayores, orientaci\u00f3n laboral, entre otros.<\/p>\n<p>El Gobierno Municipal invita a toda la poblaci\u00f3n a asistir este 14 de mayo al Poliforo Municipal, en un evento pensado para mejorar la calidad de vida de las familias de Camargo.<\/p>\n","protected":false},"excerpt":{"rendered":"<p>El presidente municipal Jorge Aldana anunci\u00f3 la realizaci\u00f3n de la Feria de Servicios del Gobierno del Estado el pr\u00f3ximo mi\u00e9rcoles 14 de mayo desde las 10:30 am en las instalaciones del Poliforo Municipal, evento que acercar\u00e1 m\u00faltiples beneficios a las familias camarguenses a trav\u00e9s de diversas dependencias estatales. Aldana destac\u00f3 la importancia de esta jornada como una oportunidad para brindar una mejor atenci\u00f3n a la ciudadan\u00eda, al concentrar en un solo espacio los servicios gratuitos que ofrecen diferentes secretar\u00edas del Gobierno del Estado. \u201cAgradecemos a la Secretar\u00eda de Desarrollo Humano y Bien Com\u00fan por la organizaci\u00f3n de esta feria de servicios y por venir a Camargo para traer beneficios directos a nuestra gente. En esta feria contaremos con la atenci\u00f3n de distintas dependencias estatales, y lo mejor es que todos los servicios ser\u00e1n totalmente gratuitos para las y los camarguenses\u201d, expres\u00f3 el alcalde. Durante la feria, se brindar\u00e1 atenci\u00f3n directa en temas como salud, asesor\u00eda jur\u00eddica, programas sociales, apoyo a adultos mayores, orientaci\u00f3n laboral, entre otros. El Gobierno Municipal invita a toda la poblaci\u00f3n a asistir este 14 de mayo al Poliforo Municipal, en un evento pensado para mejorar la calidad de vida de las familias de Camargo.<\/p>\n","protected":false},"author":2,"featured_media":14619,"comment_status":"open","ping_status":"open","sticky":false,"template":"","format":"standard","meta":{"_monsterinsights_skip_tracking":false,"_monsterinsights_sitenote_active":false,"_monsterinsights_sitenote_note":"","_monsterinsights_sitenote_category":0,"advanced_seo_description":"","jetpack_seo_html_title":"","jetpack_seo_noindex":false,"_jetpack_memberships_contains_paid_content":false,"footnotes":"","jetpack_publicize_message":"","jetpack_publicize_feature_enabled":true,"jetpack_social_post_already_shared":true,"jetpack_social_options":{"image_generator_settings":{"template":"highway","enabled":false},"version":2}},"categories":[8,135,11],"tags":[],"class_list":["post-14618","post","type-post","status-publish","format-standard","has-post-thumbnail","hentry","category-estado","category-lo-mas-leido","category-principal"],"jetpack_publicize_connections":[],"jetpack_sharing_enabled":true,"jetpack_featured_media_url":"https:\/\/i0.wp.com\/alcierrenoticias.com\/wp-content\/uploads\/2025\/05\/WhatsApp-Image-2025-05-02-at-1.38.02-PM.jpeg?fit=1600%2C1066&ssl=1","amp_enabled":true,"_links":{"self":[{"href":"https:\/\/alcierrenoticias.com\/index.php\/wp-json\/wp\/v2\/posts\/14618","targetHints":{"allow":["GET"]}}],"collection":[{"href":"https:\/\/alcierrenoticias.com\/index.php\/wp-json\/wp\/v2\/posts"}],"about":[{"href":"https:\/\/alcierrenoticias.com\/index.php\/wp-json\/wp\/v2\/types\/post"}],"author":[{"embeddable":true,"href":"https:\/\/alcierrenoticias.com\/index.php\/wp-json\/wp\/v2\/users\/2"}],"replies":[{"embeddable":true,"href":"https:\/\/alcierrenoticias.com\/index.php\/wp-json\/wp\/v2\/comments?post=14618"}],"version-history":[{"count":1,"href":"https:\/\/alcierrenoticias.com\/index.php\/wp-json\/wp\/v2\/posts\/14618\/revisions"}],"predecessor-version":[{"id":14620,"href":"https:\/\/alcierrenoticias.com\/index.php\/wp-json\/wp\/v2\/posts\/14618\/revisions\/14620"}],"wp:featuredmedia":[{"embeddable":true,"href":"https:\/\/alcierrenoticias.com\/index.php\/wp-json\/wp\/v2\/media\/14619"}],"wp:attachment":[{"href":"https:\/\/alcierrenoticias.com\/index.php\/wp-json\/wp\/v2\/media?parent=14618"}],"wp:term":[{"taxonomy":"category","embeddable":true,"href":"https:\/\/alcierrenoticias.com\/index.php\/wp-json\/wp\/v2\/categories?post=14618"},{"taxonomy":"post_tag","embeddable":true,"href":"https:\/\/alcierrenoticias.com\/index.php\/wp-json\/wp\/v2\/tags?post=14618"}],"curies":[{"name":"wp","href":"https:\/\/api.w.org\/{rel}","templated":true}]}}