{"id":14611,"date":"2025-05-01T15:53:06","date_gmt":"2025-05-01T21:53:06","guid":{"rendered":"https:\/\/alcierrenoticias.com\/?p=14611"},"modified":"2025-05-05T13:56:49","modified_gmt":"2025-05-05T19:56:49","slug":"implementara-comusal-meoqui-acciones-para-prevenir-contagios-de-sarampion","status":"publish","type":"post","link":"https:\/\/alcierrenoticias.com\/index.php\/2025\/05\/01\/implementara-comusal-meoqui-acciones-para-prevenir-contagios-de-sarampion\/","title":{"rendered":"Implementar\u00e1 COMUSAL Meoqui acciones para prevenir contagios de Sarampi\u00f3n."},"content":{"rendered":"<p>Jurisdicci\u00f3n Sanitaria inform\u00f3 que el municipio no cuenta con ning\u00fan contagio registrado<\/p>\n<p>En d\u00edas pasados se llev\u00f3 a cabo a cabo la reuni\u00f3n mensual del Comit\u00e9 Municipal de Salud de Meoqui, en la que participaron representantes de la Jurisdicci\u00f3n Sanitaria 1, centros de salud, y diversas dependencias municipales, con el fin de mostrar los avances en materia de salud, misma en la cual se anunciaron importantes actualizaciones en el plan de trabajo, as\u00ed como las acciones preventivas para el sarampi\u00f3n<\/p>\n<p>La Dra. Sayuri N\u00fa\u00f1ez, directora de Salud Municipal asegur\u00f3 que no se han registrado casos en el municipio y que la Jurisdicci\u00f3n Sanitaria no ha reportado ning\u00fan contagio. No obstante, exhort\u00f3 a la poblaci\u00f3n a continuar con las jornadas de vacunaci\u00f3n y mantenerse informada, a\u00f1adiendo que se anunci\u00f3 que el Centro de Salud de Meoqui recibir\u00e1 pr\u00f3ximamente biol\u00f3gicos contra esta enfermedad, y se organizar\u00e1n brigadas de vacunaci\u00f3n, ya sea mediante puestos fijos o recorridos casa por casa, con \u00e9nfasis en completar esquemas en menores de 39 a\u00f1os.<\/p>\n<p>La directora de Salud reiter\u00f3 el compromiso del Gobierno Municipal con la salud de la poblaci\u00f3n, destacando el liderazgo de la alcaldesa Miriam Soto, quien actualmente preside la Red Chihuahua de Municipios por la Salud. \u201cElla siempre nos impulsa y apoya para llevar a cabo todas las actividades de salud en Rinc\u00f3n de Meoqui\u201d, se\u00f1al\u00f3.<\/p>\n<p>Finalmente, resalt\u00f3 la coordinaci\u00f3n interinstitucional que fortalece las acciones de salud en el municipio, sumando esfuerzos con el Gobierno del Estado, centros de salud y dependencias municipales como Desarrollo Rural, Servicios Municipales, Protecci\u00f3n Civil y DIF.<\/p>\n","protected":false},"excerpt":{"rendered":"<p>Jurisdicci\u00f3n Sanitaria inform\u00f3 que el municipio no cuenta con ning\u00fan contagio registrado En d\u00edas pasados se llev\u00f3 a cabo a cabo la reuni\u00f3n mensual del Comit\u00e9 Municipal de Salud de Meoqui, en la que participaron representantes de la Jurisdicci\u00f3n Sanitaria 1, centros de salud, y diversas dependencias municipales, con el fin de mostrar los avances en materia de salud, misma en la cual se anunciaron importantes actualizaciones en el plan de trabajo, as\u00ed como las acciones preventivas para el sarampi\u00f3n La Dra. Sayuri N\u00fa\u00f1ez, directora de Salud Municipal asegur\u00f3 que no se han registrado casos en el municipio y que la Jurisdicci\u00f3n Sanitaria no ha reportado ning\u00fan contagio. No obstante, exhort\u00f3 a la poblaci\u00f3n a continuar con las jornadas de vacunaci\u00f3n y mantenerse informada, a\u00f1adiendo que se anunci\u00f3 que el Centro de Salud de Meoqui recibir\u00e1 pr\u00f3ximamente biol\u00f3gicos contra esta enfermedad, y se organizar\u00e1n brigadas de vacunaci\u00f3n, ya sea mediante puestos fijos o recorridos casa por casa, con \u00e9nfasis en completar esquemas en menores de 39 a\u00f1os. La directora de Salud reiter\u00f3 el compromiso del Gobierno Municipal con la salud de la poblaci\u00f3n, destacando el liderazgo de la alcaldesa Miriam Soto, quien actualmente preside la Red Chihuahua de Municipios por la Salud. \u201cElla siempre nos impulsa y apoya para llevar a cabo todas las actividades de salud en Rinc\u00f3n de Meoqui\u201d, se\u00f1al\u00f3. Finalmente, resalt\u00f3 la coordinaci\u00f3n interinstitucional que fortalece las acciones de salud en el municipio, sumando esfuerzos con el Gobierno del Estado, centros de salud y dependencias municipales como Desarrollo Rural, Servicios Municipales, Protecci\u00f3n Civil y DIF.<\/p>\n","protected":false},"author":2,"featured_media":14613,"comment_status":"open","ping_status":"open","sticky":false,"template":"","format":"standard","meta":{"_monsterinsights_skip_tracking":false,"_monsterinsights_sitenote_active":false,"_monsterinsights_sitenote_note":"","_monsterinsights_sitenote_category":0,"advanced_seo_description":"","jetpack_seo_html_title":"","jetpack_seo_noindex":false,"_jetpack_memberships_contains_paid_content":false,"footnotes":"","jetpack_publicize_message":"","jetpack_publicize_feature_enabled":true,"jetpack_social_post_already_shared":true,"jetpack_social_options":{"image_generator_settings":{"template":"highway","enabled":false},"version":2}},"categories":[135,7,11],"tags":[],"class_list":["post-14611","post","type-post","status-publish","format-standard","has-post-thumbnail","hentry","category-lo-mas-leido","category-local","category-principal"],"jetpack_publicize_connections":[],"jetpack_sharing_enabled":true,"jetpack_featured_media_url":"https:\/\/i0.wp.com\/alcierrenoticias.com\/wp-content\/uploads\/2025\/05\/WhatsApp-Image-2025-05-01-at-3.38.21-PM.jpeg?fit=1280%2C853&ssl=1","amp_enabled":true,"_links":{"self":[{"href":"https:\/\/alcierrenoticias.com\/index.php\/wp-json\/wp\/v2\/posts\/14611","targetHints":{"allow":["GET"]}}],"collection":[{"href":"https:\/\/alcierrenoticias.com\/index.php\/wp-json\/wp\/v2\/posts"}],"about":[{"href":"https:\/\/alcierrenoticias.com\/index.php\/wp-json\/wp\/v2\/types\/post"}],"author":[{"embeddable":true,"href":"https:\/\/alcierrenoticias.com\/index.php\/wp-json\/wp\/v2\/users\/2"}],"replies":[{"embeddable":true,"href":"https:\/\/alcierrenoticias.com\/index.php\/wp-json\/wp\/v2\/comments?post=14611"}],"version-history":[{"count":2,"href":"https:\/\/alcierrenoticias.com\/index.php\/wp-json\/wp\/v2\/posts\/14611\/revisions"}],"predecessor-version":[{"id":14614,"href":"https:\/\/alcierrenoticias.com\/index.php\/wp-json\/wp\/v2\/posts\/14611\/revisions\/14614"}],"wp:featuredmedia":[{"embeddable":true,"href":"https:\/\/alcierrenoticias.com\/index.php\/wp-json\/wp\/v2\/media\/14613"}],"wp:attachment":[{"href":"https:\/\/alcierrenoticias.com\/index.php\/wp-json\/wp\/v2\/media?parent=14611"}],"wp:term":[{"taxonomy":"category","embeddable":true,"href":"https:\/\/alcierrenoticias.com\/index.php\/wp-json\/wp\/v2\/categories?post=14611"},{"taxonomy":"post_tag","embeddable":true,"href":"https:\/\/alcierrenoticias.com\/index.php\/wp-json\/wp\/v2\/tags?post=14611"}],"curies":[{"name":"wp","href":"https:\/\/api.w.org\/{rel}","templated":true}]}}