{"id":14597,"date":"2025-04-30T19:04:14","date_gmt":"2025-05-01T01:04:14","guid":{"rendered":"https:\/\/alcierrenoticias.com\/?p=14597"},"modified":"2025-04-30T23:07:13","modified_gmt":"2025-05-01T05:07:13","slug":"que-camargo-sea-un-lugar-donde-cada-nina-y-nino-tenga-motivos-para-sonreir-jorge-aldana-celebra-el-dia-de-la-ninez-con-esperanza-y-compromiso","status":"publish","type":"post","link":"https:\/\/alcierrenoticias.com\/index.php\/2025\/04\/30\/que-camargo-sea-un-lugar-donde-cada-nina-y-nino-tenga-motivos-para-sonreir-jorge-aldana-celebra-el-dia-de-la-ninez-con-esperanza-y-compromiso\/","title":{"rendered":"&#8220;Que Camargo sea un lugar donde cada ni\u00f1a y ni\u00f1o tenga motivos para sonre\u00edr&#8221;: Jorge Aldana celebra el D\u00eda de la Ni\u00f1ez con esperanza y compromiso."},"content":{"rendered":"<p>En el marco del D\u00eda de la Ni\u00f1ez, el presidente municipal de Camargo, Jorge Aldana, envi\u00f3 un emotivo mensaje a todas las ni\u00f1as y ni\u00f1os del municipio, recordando con cari\u00f1o y nostalgia su propia infancia, y reiterando el compromiso de su administraci\u00f3n con el bienestar, la alegr\u00eda y el desarrollo de la ni\u00f1ez camarguense.<\/p>\n<p>&#8220;Este D\u00eda de la Ni\u00f1ez me acord\u00e9 de ese ni\u00f1o que fui, el que so\u00f1aba en grande. Todo lo que hago, lo hago por seguir so\u00f1ando, por no perder la alegr\u00eda y por ayudar a que Camargo sea un lugar donde cada ni\u00f1a y ni\u00f1o tenga motivos para sonre\u00edr&#8221;, expres\u00f3 el edil.<\/p>\n<p>El presidente subray\u00f3 que su gobierno ha puesto a las ni\u00f1as y los ni\u00f1os en el centro de las pol\u00edticas p\u00fablicas, con inversiones concretas y visibles en infraestructura, educaci\u00f3n, deporte y alimentaci\u00f3n escolar.<\/p>\n<p>&#8220;Somos un gobierno que da voz a nuestros ni\u00f1os, porque queremos seguir construyendo un mejor municipio para que todos ellos tengan las mismas oportunidades. Por eso invertimos en canchas de pasto sint\u00e9tico, en una pista de tart\u00e1n, en mejores instalaciones deportivas, en desayunos fr\u00edos y calientes en todas las escuelas. Somos el gobierno que ha llegado a TODAS las escuelas del municipio, con uniformes, \u00fatiles, computadoras, canchas, remodelaci\u00f3n de ba\u00f1os, impermeabilizaci\u00f3n, y muchas buenas noticias m\u00e1s que vienen para este a\u00f1o&#8221;, afirm\u00f3.<\/p>\n<p>En este d\u00eda tan especial, el Gobierno Municipal de Camargo reafirma su convicci\u00f3n de trabajar por una ni\u00f1ez feliz, con igualdad de oportunidades y entornos que inspiren sue\u00f1os.<\/p>\n<p>El presidente Jorge Aldana concluy\u00f3 su mensaje con una frase llena de esperanza:<br \/>\n&#8220;\u00a1Feliz D\u00eda de la Ni\u00f1ez a quienes siguen creyendo en la magia de ser ni\u00f1os!&#8221;<\/p>\n","protected":false},"excerpt":{"rendered":"<p>En el marco del D\u00eda de la Ni\u00f1ez, el presidente municipal de Camargo, Jorge Aldana, envi\u00f3 un emotivo mensaje a todas las ni\u00f1as y ni\u00f1os del municipio, recordando con cari\u00f1o y nostalgia su propia infancia, y reiterando el compromiso de su administraci\u00f3n con el bienestar, la alegr\u00eda y el desarrollo de la ni\u00f1ez camarguense. &#8220;Este D\u00eda de la Ni\u00f1ez me acord\u00e9 de ese ni\u00f1o que fui, el que so\u00f1aba en grande. Todo lo que hago, lo hago por seguir so\u00f1ando, por no perder la alegr\u00eda y por ayudar a que Camargo sea un lugar donde cada ni\u00f1a y ni\u00f1o tenga motivos para sonre\u00edr&#8221;, expres\u00f3 el edil. El presidente subray\u00f3 que su gobierno ha puesto a las ni\u00f1as y los ni\u00f1os en el centro de las pol\u00edticas p\u00fablicas, con inversiones concretas y visibles en infraestructura, educaci\u00f3n, deporte y alimentaci\u00f3n escolar. &#8220;Somos un gobierno que da voz a nuestros ni\u00f1os, porque queremos seguir construyendo un mejor municipio para que todos ellos tengan las mismas oportunidades. Por eso invertimos en canchas de pasto sint\u00e9tico, en una pista de tart\u00e1n, en mejores instalaciones deportivas, en desayunos fr\u00edos y calientes en todas las escuelas. Somos el gobierno que ha llegado a TODAS las escuelas del municipio, con uniformes, \u00fatiles, computadoras, canchas, remodelaci\u00f3n de ba\u00f1os, impermeabilizaci\u00f3n, y muchas buenas noticias m\u00e1s que vienen para este a\u00f1o&#8221;, afirm\u00f3. En este d\u00eda tan especial, el Gobierno Municipal de Camargo reafirma su convicci\u00f3n de trabajar por una ni\u00f1ez feliz, con igualdad de oportunidades y entornos que inspiren sue\u00f1os. El presidente Jorge Aldana concluy\u00f3 su mensaje con una frase llena de esperanza: &#8220;\u00a1Feliz D\u00eda de la Ni\u00f1ez a quienes siguen creyendo en la magia de ser ni\u00f1os!&#8221;<\/p>\n","protected":false},"author":2,"featured_media":14598,"comment_status":"open","ping_status":"open","sticky":false,"template":"","format":"standard","meta":{"_monsterinsights_skip_tracking":false,"_monsterinsights_sitenote_active":false,"_monsterinsights_sitenote_note":"","_monsterinsights_sitenote_category":0,"advanced_seo_description":"","jetpack_seo_html_title":"","jetpack_seo_noindex":false,"_jetpack_memberships_contains_paid_content":false,"footnotes":"","jetpack_publicize_message":"","jetpack_publicize_feature_enabled":true,"jetpack_social_post_already_shared":true,"jetpack_social_options":{"image_generator_settings":{"template":"highway","enabled":false},"version":2}},"categories":[8,135],"tags":[],"class_list":["post-14597","post","type-post","status-publish","format-standard","has-post-thumbnail","hentry","category-estado","category-lo-mas-leido"],"jetpack_publicize_connections":[],"jetpack_sharing_enabled":true,"jetpack_featured_media_url":"https:\/\/i0.wp.com\/alcierrenoticias.com\/wp-content\/uploads\/2025\/04\/WhatsApp-Image-2025-04-30-at-10.34.33-PM.jpeg?fit=1620%2C1080&ssl=1","amp_enabled":true,"_links":{"self":[{"href":"https:\/\/alcierrenoticias.com\/index.php\/wp-json\/wp\/v2\/posts\/14597","targetHints":{"allow":["GET"]}}],"collection":[{"href":"https:\/\/alcierrenoticias.com\/index.php\/wp-json\/wp\/v2\/posts"}],"about":[{"href":"https:\/\/alcierrenoticias.com\/index.php\/wp-json\/wp\/v2\/types\/post"}],"author":[{"embeddable":true,"href":"https:\/\/alcierrenoticias.com\/index.php\/wp-json\/wp\/v2\/users\/2"}],"replies":[{"embeddable":true,"href":"https:\/\/alcierrenoticias.com\/index.php\/wp-json\/wp\/v2\/comments?post=14597"}],"version-history":[{"count":2,"href":"https:\/\/alcierrenoticias.com\/index.php\/wp-json\/wp\/v2\/posts\/14597\/revisions"}],"predecessor-version":[{"id":14600,"href":"https:\/\/alcierrenoticias.com\/index.php\/wp-json\/wp\/v2\/posts\/14597\/revisions\/14600"}],"wp:featuredmedia":[{"embeddable":true,"href":"https:\/\/alcierrenoticias.com\/index.php\/wp-json\/wp\/v2\/media\/14598"}],"wp:attachment":[{"href":"https:\/\/alcierrenoticias.com\/index.php\/wp-json\/wp\/v2\/media?parent=14597"}],"wp:term":[{"taxonomy":"category","embeddable":true,"href":"https:\/\/alcierrenoticias.com\/index.php\/wp-json\/wp\/v2\/categories?post=14597"},{"taxonomy":"post_tag","embeddable":true,"href":"https:\/\/alcierrenoticias.com\/index.php\/wp-json\/wp\/v2\/tags?post=14597"}],"curies":[{"name":"wp","href":"https:\/\/api.w.org\/{rel}","templated":true}]}}