{"id":14594,"date":"2025-04-30T19:01:43","date_gmt":"2025-05-01T01:01:43","guid":{"rendered":"https:\/\/alcierrenoticias.com\/?p=14594"},"modified":"2025-04-30T23:03:47","modified_gmt":"2025-05-01T05:03:47","slug":"llega-municipio-a-todas-las-comunidades-rurales-de-camargo-con-el-dia-de-la-ninez-en-tu-comunidad","status":"publish","type":"post","link":"https:\/\/alcierrenoticias.com\/index.php\/2025\/04\/30\/llega-municipio-a-todas-las-comunidades-rurales-de-camargo-con-el-dia-de-la-ninez-en-tu-comunidad\/","title":{"rendered":"Llega Municipio a todas las comunidades rurales de Camargo con el \u201cD\u00eda de la Ni\u00f1ez en tu Comunidad\u201d."},"content":{"rendered":"<p>El Gobierno Municipal de Camargo lleg\u00f3 a todas las comunidades rurales con el programa \u201cD\u00eda de la Ni\u00f1ez en tu Comunidad\u201d, llevando momentos de alegr\u00eda y convivencia a las ni\u00f1as y ni\u00f1os que viven en estas zonas.<\/p>\n<p>Todas las direcciones del Gobierno Municipal, junto con el DIF Camargo, participaron activamente para hacer posible esta gira que incluy\u00f3 la entrega de dulces, regalos y pi\u00f1atas. Las actividades estuvieron pensadas para que las infancias pasaran una tarde agradable, llena de sonrisas y diversi\u00f3n.<\/p>\n<p>Al respecto, el presidente municipal Jorge Aldana coment\u00f3:<br \/>\n&#8220;Nuestro compromiso es estar cerca de las familias, en cada rinc\u00f3n del municipio. Queremos que nuestras ni\u00f1as y ni\u00f1os crezcan con alegr\u00eda y sabiendo que su gobierno los toma en cuenta, sin importar la distancia y lo volvimos a demostrar en estas 23 comunidades rurales.&#8221;<\/p>\n<p>Con este recorrido, se reafirma el compromiso de esta administraci\u00f3n de trabajar con cercan\u00eda, atenci\u00f3n y respeto hacia todas las comunidades de Camargo.<\/p>\n","protected":false},"excerpt":{"rendered":"<p>El Gobierno Municipal de Camargo lleg\u00f3 a todas las comunidades rurales con el programa \u201cD\u00eda de la Ni\u00f1ez en tu Comunidad\u201d, llevando momentos de alegr\u00eda y convivencia a las ni\u00f1as y ni\u00f1os que viven en estas zonas. Todas las direcciones del Gobierno Municipal, junto con el DIF Camargo, participaron activamente para hacer posible esta gira que incluy\u00f3 la entrega de dulces, regalos y pi\u00f1atas. Las actividades estuvieron pensadas para que las infancias pasaran una tarde agradable, llena de sonrisas y diversi\u00f3n. Al respecto, el presidente municipal Jorge Aldana coment\u00f3: &#8220;Nuestro compromiso es estar cerca de las familias, en cada rinc\u00f3n del municipio. Queremos que nuestras ni\u00f1as y ni\u00f1os crezcan con alegr\u00eda y sabiendo que su gobierno los toma en cuenta, sin importar la distancia y lo volvimos a demostrar en estas 23 comunidades rurales.&#8221; Con este recorrido, se reafirma el compromiso de esta administraci\u00f3n de trabajar con cercan\u00eda, atenci\u00f3n y respeto hacia todas las comunidades de Camargo.<\/p>\n","protected":false},"author":2,"featured_media":14595,"comment_status":"open","ping_status":"open","sticky":false,"template":"","format":"standard","meta":{"_monsterinsights_skip_tracking":false,"_monsterinsights_sitenote_active":false,"_monsterinsights_sitenote_note":"","_monsterinsights_sitenote_category":0,"advanced_seo_description":"","jetpack_seo_html_title":"","jetpack_seo_noindex":false,"_jetpack_memberships_contains_paid_content":false,"footnotes":"","jetpack_publicize_message":"","jetpack_publicize_feature_enabled":true,"jetpack_social_post_already_shared":true,"jetpack_social_options":{"image_generator_settings":{"template":"highway","enabled":false},"version":2}},"categories":[8,135],"tags":[],"class_list":["post-14594","post","type-post","status-publish","format-standard","has-post-thumbnail","hentry","category-estado","category-lo-mas-leido"],"jetpack_publicize_connections":[],"jetpack_sharing_enabled":true,"jetpack_featured_media_url":"https:\/\/i0.wp.com\/alcierrenoticias.com\/wp-content\/uploads\/2025\/04\/WhatsApp-Image-2025-04-30-at-10.34.32-PM.jpeg?fit=1600%2C1066&ssl=1","amp_enabled":true,"_links":{"self":[{"href":"https:\/\/alcierrenoticias.com\/index.php\/wp-json\/wp\/v2\/posts\/14594","targetHints":{"allow":["GET"]}}],"collection":[{"href":"https:\/\/alcierrenoticias.com\/index.php\/wp-json\/wp\/v2\/posts"}],"about":[{"href":"https:\/\/alcierrenoticias.com\/index.php\/wp-json\/wp\/v2\/types\/post"}],"author":[{"embeddable":true,"href":"https:\/\/alcierrenoticias.com\/index.php\/wp-json\/wp\/v2\/users\/2"}],"replies":[{"embeddable":true,"href":"https:\/\/alcierrenoticias.com\/index.php\/wp-json\/wp\/v2\/comments?post=14594"}],"version-history":[{"count":1,"href":"https:\/\/alcierrenoticias.com\/index.php\/wp-json\/wp\/v2\/posts\/14594\/revisions"}],"predecessor-version":[{"id":14596,"href":"https:\/\/alcierrenoticias.com\/index.php\/wp-json\/wp\/v2\/posts\/14594\/revisions\/14596"}],"wp:featuredmedia":[{"embeddable":true,"href":"https:\/\/alcierrenoticias.com\/index.php\/wp-json\/wp\/v2\/media\/14595"}],"wp:attachment":[{"href":"https:\/\/alcierrenoticias.com\/index.php\/wp-json\/wp\/v2\/media?parent=14594"}],"wp:term":[{"taxonomy":"category","embeddable":true,"href":"https:\/\/alcierrenoticias.com\/index.php\/wp-json\/wp\/v2\/categories?post=14594"},{"taxonomy":"post_tag","embeddable":true,"href":"https:\/\/alcierrenoticias.com\/index.php\/wp-json\/wp\/v2\/tags?post=14594"}],"curies":[{"name":"wp","href":"https:\/\/api.w.org\/{rel}","templated":true}]}}