{"id":14590,"date":"2025-04-30T19:15:55","date_gmt":"2025-05-01T01:15:55","guid":{"rendered":"https:\/\/alcierrenoticias.com\/?p=14590"},"modified":"2025-04-30T23:16:08","modified_gmt":"2025-05-01T05:16:08","slug":"invitan-en-meoqui-a-programa-de-ocupacion-temporal","status":"publish","type":"post","link":"https:\/\/alcierrenoticias.com\/index.php\/2025\/04\/30\/invitan-en-meoqui-a-programa-de-ocupacion-temporal\/","title":{"rendered":"Invitan en Meoqui a Programa de Ocupaci\u00f3n Temporal."},"content":{"rendered":"<p>Los interesados podr\u00e1n acudir a partir del viernes 2 de mayo en la Oficina SARE para dejar su solicitud<\/p>\n<p>A partir del viernes 2 de mayo, se encontrar\u00e1 abierta en Meoqui la convocatoria del Programa de Ocupaci\u00f3n Temporal, siendo una suma de esfuerzos entre el Gobierno Municipal y Gobierno del Estado con el objetivo de apoyar a personas vulnerables que han perdido su fuente de ingreso a causa de la sequ\u00eda que afecta la regi\u00f3n.<\/p>\n<p>\u201cEl objetivo es brindar oportunidades laborales temporales a quienes m\u00e1s lo necesitan, mediante la ejecuci\u00f3n de proyectos como rehabilitaci\u00f3n de parques y limpieza de espacios p\u00fablicos en nuestro municipio\u201d, detall\u00f3 Alan Mata, director de Desarrollo Econ\u00f3mico y Turismo de Meoqui.<\/p>\n<p>Las y los interesados podr\u00e1n acudir a partir del 2 de mayo en un horario de 8:00 a.m. a 2:00 p.m. a la oficina SARE, ubicada en el edificio de ICATECH, junto a la Biblioteca Municipal de Meoqui, donde se estar\u00e1 recibiendo la documentaci\u00f3n correspondiente y proporcionando informaci\u00f3n detallada sobre los proyectos y requisitos.<\/p>\n","protected":false},"excerpt":{"rendered":"<p>Los interesados podr\u00e1n acudir a partir del viernes 2 de mayo en la Oficina SARE para dejar su solicitud A partir del viernes 2 de mayo, se encontrar\u00e1 abierta en Meoqui la convocatoria del Programa de Ocupaci\u00f3n Temporal, siendo una suma de esfuerzos entre el Gobierno Municipal y Gobierno del Estado con el objetivo de apoyar a personas vulnerables que han perdido su fuente de ingreso a causa de la sequ\u00eda que afecta la regi\u00f3n. \u201cEl objetivo es brindar oportunidades laborales temporales a quienes m\u00e1s lo necesitan, mediante la ejecuci\u00f3n de proyectos como rehabilitaci\u00f3n de parques y limpieza de espacios p\u00fablicos en nuestro municipio\u201d, detall\u00f3 Alan Mata, director de Desarrollo Econ\u00f3mico y Turismo de Meoqui. Las y los interesados podr\u00e1n acudir a partir del 2 de mayo en un horario de 8:00 a.m. a 2:00 p.m. a la oficina SARE, ubicada en el edificio de ICATECH, junto a la Biblioteca Municipal de Meoqui, donde se estar\u00e1 recibiendo la documentaci\u00f3n correspondiente y proporcionando informaci\u00f3n detallada sobre los proyectos y requisitos.<\/p>\n","protected":false},"author":2,"featured_media":14591,"comment_status":"open","ping_status":"open","sticky":false,"template":"","format":"standard","meta":{"_monsterinsights_skip_tracking":false,"_monsterinsights_sitenote_active":false,"_monsterinsights_sitenote_note":"","_monsterinsights_sitenote_category":0,"advanced_seo_description":"","jetpack_seo_html_title":"","jetpack_seo_noindex":false,"_jetpack_memberships_contains_paid_content":false,"footnotes":"","jetpack_publicize_message":"","jetpack_publicize_feature_enabled":true,"jetpack_social_post_already_shared":true,"jetpack_social_options":{"image_generator_settings":{"template":"highway","enabled":false},"version":2}},"categories":[135,7,11],"tags":[],"class_list":["post-14590","post","type-post","status-publish","format-standard","has-post-thumbnail","hentry","category-lo-mas-leido","category-local","category-principal"],"jetpack_publicize_connections":[],"jetpack_sharing_enabled":true,"jetpack_featured_media_url":"https:\/\/i0.wp.com\/alcierrenoticias.com\/wp-content\/uploads\/2025\/04\/WhatsApp-Image-2025-04-30-at-10.33.28-PM-e1746075648723.jpeg?fit=500%2C501&ssl=1","amp_enabled":true,"_links":{"self":[{"href":"https:\/\/alcierrenoticias.com\/index.php\/wp-json\/wp\/v2\/posts\/14590","targetHints":{"allow":["GET"]}}],"collection":[{"href":"https:\/\/alcierrenoticias.com\/index.php\/wp-json\/wp\/v2\/posts"}],"about":[{"href":"https:\/\/alcierrenoticias.com\/index.php\/wp-json\/wp\/v2\/types\/post"}],"author":[{"embeddable":true,"href":"https:\/\/alcierrenoticias.com\/index.php\/wp-json\/wp\/v2\/users\/2"}],"replies":[{"embeddable":true,"href":"https:\/\/alcierrenoticias.com\/index.php\/wp-json\/wp\/v2\/comments?post=14590"}],"version-history":[{"count":1,"href":"https:\/\/alcierrenoticias.com\/index.php\/wp-json\/wp\/v2\/posts\/14590\/revisions"}],"predecessor-version":[{"id":14592,"href":"https:\/\/alcierrenoticias.com\/index.php\/wp-json\/wp\/v2\/posts\/14590\/revisions\/14592"}],"wp:featuredmedia":[{"embeddable":true,"href":"https:\/\/alcierrenoticias.com\/index.php\/wp-json\/wp\/v2\/media\/14591"}],"wp:attachment":[{"href":"https:\/\/alcierrenoticias.com\/index.php\/wp-json\/wp\/v2\/media?parent=14590"}],"wp:term":[{"taxonomy":"category","embeddable":true,"href":"https:\/\/alcierrenoticias.com\/index.php\/wp-json\/wp\/v2\/categories?post=14590"},{"taxonomy":"post_tag","embeddable":true,"href":"https:\/\/alcierrenoticias.com\/index.php\/wp-json\/wp\/v2\/tags?post=14590"}],"curies":[{"name":"wp","href":"https:\/\/api.w.org\/{rel}","templated":true}]}}