{"id":14570,"date":"2025-04-30T18:30:43","date_gmt":"2025-05-01T00:30:43","guid":{"rendered":"https:\/\/alcierrenoticias.com\/?p=14570"},"modified":"2025-04-30T23:08:56","modified_gmt":"2025-05-01T05:08:56","slug":"realiza-instituto-del-deporte-de-delicias-feria-activa-por-el-dia-del-nino","status":"publish","type":"post","link":"https:\/\/alcierrenoticias.com\/index.php\/2025\/04\/30\/realiza-instituto-del-deporte-de-delicias-feria-activa-por-el-dia-del-nino\/","title":{"rendered":"Realiza Instituto del Deporte de Delicias feria activa por el D\u00eda del Ni\u00f1o."},"content":{"rendered":"<p>Con gran entusiasmo y participaci\u00f3n, el Instituto Municipal del Deporte y la Juventud de Delicias llev\u00f3 a cabo una nueva edici\u00f3n de la Feria del Deporte, en el marco de los festejos por el D\u00eda del Ni\u00f1o. La actividad se desarroll\u00f3 en la Escuela Ignacio Manuel Altamirano, ubicada en la colonia Desarrollo Urbano, donde m\u00e1s de 100 alumnos participaron en din\u00e1micas f\u00edsicas y recreativas.<\/p>\n<p>El director del Instituto, profesor Miguel Alfredo Aguirre Salgado, destac\u00f3 que este tipo de actividades permiten celebrar a los ni\u00f1os y tambi\u00e9n fomentar el gusto por el deporte desde edades tempranas. \u201cLa verdad, pasamos un momento muy divertido con los ni\u00f1os y ni\u00f1as. Fue un espacio para re\u00edr, aprender y moverse\u201d, expres\u00f3 el funcionario municipal.<\/p>\n<p>La feria incluy\u00f3 juegos organizacionales, competencias recreativas y circuitos de activaci\u00f3n f\u00edsica adaptados para los peque\u00f1os. El objetivo principal fue brindar una jornada l\u00fadica y saludable, donde los alumnos pudieran convivir y disfrutar a trav\u00e9s del deporte, en un entorno seguro y amigable.<\/p>\n<p>Aguirre Salgado agradeci\u00f3 al director de la escuela Ignacio Manuel Altamirano por abrir las puertas a esta iniciativa, as\u00ed como al presidente municipal Jes\u00fas Valenciano Garc\u00eda por respaldar actividades que fortalecen el bienestar de la ni\u00f1ez. \u201cPara nuestro alcalde, convivir con los ni\u00f1os es una prioridad en estas fechas tan importantes\u201d.<\/p>\n","protected":false},"excerpt":{"rendered":"<p>Con gran entusiasmo y participaci\u00f3n, el Instituto Municipal del Deporte y la Juventud de Delicias llev\u00f3 a cabo una nueva edici\u00f3n de la Feria del Deporte, en el marco de los festejos por el D\u00eda del Ni\u00f1o. La actividad se desarroll\u00f3 en la Escuela Ignacio Manuel Altamirano, ubicada en la colonia Desarrollo Urbano, donde m\u00e1s de 100 alumnos participaron en din\u00e1micas f\u00edsicas y recreativas. El director del Instituto, profesor Miguel Alfredo Aguirre Salgado, destac\u00f3 que este tipo de actividades permiten celebrar a los ni\u00f1os y tambi\u00e9n fomentar el gusto por el deporte desde edades tempranas. \u201cLa verdad, pasamos un momento muy divertido con los ni\u00f1os y ni\u00f1as. Fue un espacio para re\u00edr, aprender y moverse\u201d, expres\u00f3 el funcionario municipal. La feria incluy\u00f3 juegos organizacionales, competencias recreativas y circuitos de activaci\u00f3n f\u00edsica adaptados para los peque\u00f1os. El objetivo principal fue brindar una jornada l\u00fadica y saludable, donde los alumnos pudieran convivir y disfrutar a trav\u00e9s del deporte, en un entorno seguro y amigable. Aguirre Salgado agradeci\u00f3 al director de la escuela Ignacio Manuel Altamirano por abrir las puertas a esta iniciativa, as\u00ed como al presidente municipal Jes\u00fas Valenciano Garc\u00eda por respaldar actividades que fortalecen el bienestar de la ni\u00f1ez. \u201cPara nuestro alcalde, convivir con los ni\u00f1os es una prioridad en estas fechas tan importantes\u201d.<\/p>\n","protected":false},"author":2,"featured_media":14571,"comment_status":"open","ping_status":"open","sticky":false,"template":"","format":"standard","meta":{"_monsterinsights_skip_tracking":false,"_monsterinsights_sitenote_active":false,"_monsterinsights_sitenote_note":"","_monsterinsights_sitenote_category":0,"advanced_seo_description":"","jetpack_seo_html_title":"","jetpack_seo_noindex":false,"_jetpack_memberships_contains_paid_content":false,"footnotes":"","jetpack_publicize_message":"","jetpack_publicize_feature_enabled":true,"jetpack_social_post_already_shared":true,"jetpack_social_options":{"image_generator_settings":{"template":"highway","enabled":false},"version":2}},"categories":[135,7],"tags":[],"class_list":["post-14570","post","type-post","status-publish","format-standard","has-post-thumbnail","hentry","category-lo-mas-leido","category-local"],"jetpack_publicize_connections":[],"jetpack_sharing_enabled":true,"jetpack_featured_media_url":"https:\/\/i0.wp.com\/alcierrenoticias.com\/wp-content\/uploads\/2025\/04\/WhatsApp-Image-2025-04-29-at-6.19.35-PM.jpeg?fit=1600%2C1200&ssl=1","amp_enabled":true,"_links":{"self":[{"href":"https:\/\/alcierrenoticias.com\/index.php\/wp-json\/wp\/v2\/posts\/14570","targetHints":{"allow":["GET"]}}],"collection":[{"href":"https:\/\/alcierrenoticias.com\/index.php\/wp-json\/wp\/v2\/posts"}],"about":[{"href":"https:\/\/alcierrenoticias.com\/index.php\/wp-json\/wp\/v2\/types\/post"}],"author":[{"embeddable":true,"href":"https:\/\/alcierrenoticias.com\/index.php\/wp-json\/wp\/v2\/users\/2"}],"replies":[{"embeddable":true,"href":"https:\/\/alcierrenoticias.com\/index.php\/wp-json\/wp\/v2\/comments?post=14570"}],"version-history":[{"count":2,"href":"https:\/\/alcierrenoticias.com\/index.php\/wp-json\/wp\/v2\/posts\/14570\/revisions"}],"predecessor-version":[{"id":14601,"href":"https:\/\/alcierrenoticias.com\/index.php\/wp-json\/wp\/v2\/posts\/14570\/revisions\/14601"}],"wp:featuredmedia":[{"embeddable":true,"href":"https:\/\/alcierrenoticias.com\/index.php\/wp-json\/wp\/v2\/media\/14571"}],"wp:attachment":[{"href":"https:\/\/alcierrenoticias.com\/index.php\/wp-json\/wp\/v2\/media?parent=14570"}],"wp:term":[{"taxonomy":"category","embeddable":true,"href":"https:\/\/alcierrenoticias.com\/index.php\/wp-json\/wp\/v2\/categories?post=14570"},{"taxonomy":"post_tag","embeddable":true,"href":"https:\/\/alcierrenoticias.com\/index.php\/wp-json\/wp\/v2\/tags?post=14570"}],"curies":[{"name":"wp","href":"https:\/\/api.w.org\/{rel}","templated":true}]}}