{"id":14566,"date":"2025-04-29T18:00:09","date_gmt":"2025-04-30T00:00:09","guid":{"rendered":"https:\/\/alcierrenoticias.com\/?p=14566"},"modified":"2025-04-30T22:35:17","modified_gmt":"2025-05-01T04:35:17","slug":"firman-convenio-delicias-y-red-educativa-mexico-para-facilitar-bachillerato-y-titulacion-por-experiencia","status":"publish","type":"post","link":"https:\/\/alcierrenoticias.com\/index.php\/2025\/04\/29\/firman-convenio-delicias-y-red-educativa-mexico-para-facilitar-bachillerato-y-titulacion-por-experiencia\/","title":{"rendered":"Firman convenio Delicias y Red Educativa M\u00e9xico para facilitar bachillerato y titulaci\u00f3n por experiencia."},"content":{"rendered":"<p>Esta ma\u00f1ana se llev\u00f3 a cabo la firma de un convenio de colaboraci\u00f3n entre el Gobierno Municipal de Delicias y la Red Educativa M\u00e9xico, con el objetivo de establecer un marco de cooperaci\u00f3n que permita fortalecer la educaci\u00f3n media superior y superior en el municipio. A trav\u00e9s de esta alianza, se promover\u00e1n programas flexibles y accesibles que permitan a m\u00e1s personas concluir sus estudios.<\/p>\n<p>El acto fue encabezado por el presidente municipal Jes\u00fas Valenciano Garc\u00eda, quien destac\u00f3 que este convenio abre nuevas oportunidades para quienes desean terminar su bachillerato o iniciar una carrera universitaria. \u201cGracias a esta alianza, muchos delicienses podr\u00e1n hacer realidad su sue\u00f1o profesional sin importar su edad o condici\u00f3n laboral\u201d, expres\u00f3.<\/p>\n<p>Entre las opciones que ofrece la Red Educativa M\u00e9xico destacan el bachillerato en l\u00ednea para mayores de 18 a\u00f1os, que puede completarse en 12 semanas, mediante una evaluaci\u00f3n de opci\u00f3n m\u00faltiple. Tambi\u00e9n se incluye la titulaci\u00f3n por experiencia laboral, a trav\u00e9s del reconocimiento de competencias adquiridas, y licenciaturas como Administraci\u00f3n, Derecho e Ingenier\u00eda Industrial.<\/p>\n<p>Jorge Luis Hern\u00e1ndez, director estatal de la Red Educativa M\u00e9xico, inform\u00f3 que este convenio forma parte de una estrategia nacional que busca facilitar el acceso a la educaci\u00f3n formal. Destac\u00f3 que, como parte del acuerdo, se otorgar\u00e1n becas del 50% para bachillerato, licenciatura o titulaci\u00f3n por experiencia, con validez oficial ante la SEP.<\/p>\n<p>El convenio est\u00e1 dise\u00f1ado especialmente para adultos que por diversas razones no pudieron concluir su formaci\u00f3n escolar. Gracias a la modalidad en l\u00ednea y a los reconocimientos por experiencia laboral, se ofrece una alternativa real y eficiente para mejorar el perfil acad\u00e9mico y profesional de los habitantes de Delicias.<\/p>\n<p>Asimismo, Esteban Grajeola director de Atenci\u00f3n Ciudadana, detall\u00f3 que los interesados pueden acercarse a las oficinas de esta direcci\u00f3n donde recibir\u00e1n informaci\u00f3n detallada sobre estos beneficios.<\/p>\n<p>Finalmente, el alcalde Jes\u00fas Valenciano reafirm\u00f3 su compromiso de seguir generando alianzas que fortalezcan la educaci\u00f3n como base del desarrollo individual y comunitario. \u201cEste es un paso m\u00e1s para que nadie se quede sin la oportunidad de crecer, aprender y avanzar\u201d, concluy\u00f3.<\/p>\n","protected":false},"excerpt":{"rendered":"<p>Esta ma\u00f1ana se llev\u00f3 a cabo la firma de un convenio de colaboraci\u00f3n entre el Gobierno Municipal de Delicias y la Red Educativa M\u00e9xico, con el objetivo de establecer un marco de cooperaci\u00f3n que permita fortalecer la educaci\u00f3n media superior y superior en el municipio. A trav\u00e9s de esta alianza, se promover\u00e1n programas flexibles y accesibles que permitan a m\u00e1s personas concluir sus estudios. El acto fue encabezado por el presidente municipal Jes\u00fas Valenciano Garc\u00eda, quien destac\u00f3 que este convenio abre nuevas oportunidades para quienes desean terminar su bachillerato o iniciar una carrera universitaria. \u201cGracias a esta alianza, muchos delicienses podr\u00e1n hacer realidad su sue\u00f1o profesional sin importar su edad o condici\u00f3n laboral\u201d, expres\u00f3. Entre las opciones que ofrece la Red Educativa M\u00e9xico destacan el bachillerato en l\u00ednea para mayores de 18 a\u00f1os, que puede completarse en 12 semanas, mediante una evaluaci\u00f3n de opci\u00f3n m\u00faltiple. Tambi\u00e9n se incluye la titulaci\u00f3n por experiencia laboral, a trav\u00e9s del reconocimiento de competencias adquiridas, y licenciaturas como Administraci\u00f3n, Derecho e Ingenier\u00eda Industrial. Jorge Luis Hern\u00e1ndez, director estatal de la Red Educativa M\u00e9xico, inform\u00f3 que este convenio forma parte de una estrategia nacional que busca facilitar el acceso a la educaci\u00f3n formal. Destac\u00f3 que, como parte del acuerdo, se otorgar\u00e1n becas del 50% para bachillerato, licenciatura o titulaci\u00f3n por experiencia, con validez oficial ante la SEP. El convenio est\u00e1 dise\u00f1ado especialmente para adultos que por diversas razones no pudieron concluir su formaci\u00f3n escolar. Gracias a la modalidad en l\u00ednea y a los reconocimientos por experiencia laboral, se ofrece una alternativa real y eficiente para mejorar el perfil acad\u00e9mico y profesional de los habitantes de Delicias. Asimismo, Esteban Grajeola director de Atenci\u00f3n Ciudadana, detall\u00f3 que los interesados pueden acercarse a las oficinas de esta direcci\u00f3n donde recibir\u00e1n informaci\u00f3n detallada sobre estos beneficios. Finalmente, el alcalde Jes\u00fas Valenciano reafirm\u00f3 su compromiso de seguir generando alianzas que fortalezcan la educaci\u00f3n como base del desarrollo individual y comunitario. \u201cEste es un paso m\u00e1s para que nadie se quede sin la oportunidad de crecer, aprender y avanzar\u201d, concluy\u00f3.<\/p>\n","protected":false},"author":2,"featured_media":14567,"comment_status":"open","ping_status":"open","sticky":false,"template":"","format":"standard","meta":{"_monsterinsights_skip_tracking":false,"_monsterinsights_sitenote_active":false,"_monsterinsights_sitenote_note":"","_monsterinsights_sitenote_category":0,"advanced_seo_description":"","jetpack_seo_html_title":"","jetpack_seo_noindex":false,"_jetpack_memberships_contains_paid_content":false,"footnotes":"","jetpack_publicize_message":"","jetpack_publicize_feature_enabled":true,"jetpack_social_post_already_shared":true,"jetpack_social_options":{"image_generator_settings":{"template":"highway","enabled":false},"version":2}},"categories":[135,7,11],"tags":[],"class_list":["post-14566","post","type-post","status-publish","format-standard","has-post-thumbnail","hentry","category-lo-mas-leido","category-local","category-principal"],"jetpack_publicize_connections":[],"jetpack_sharing_enabled":true,"jetpack_featured_media_url":"https:\/\/i0.wp.com\/alcierrenoticias.com\/wp-content\/uploads\/2025\/04\/WhatsApp-Image-2025-04-29-at-5.56.05-PM.jpeg?fit=1600%2C1081&ssl=1","amp_enabled":true,"_links":{"self":[{"href":"https:\/\/alcierrenoticias.com\/index.php\/wp-json\/wp\/v2\/posts\/14566","targetHints":{"allow":["GET"]}}],"collection":[{"href":"https:\/\/alcierrenoticias.com\/index.php\/wp-json\/wp\/v2\/posts"}],"about":[{"href":"https:\/\/alcierrenoticias.com\/index.php\/wp-json\/wp\/v2\/types\/post"}],"author":[{"embeddable":true,"href":"https:\/\/alcierrenoticias.com\/index.php\/wp-json\/wp\/v2\/users\/2"}],"replies":[{"embeddable":true,"href":"https:\/\/alcierrenoticias.com\/index.php\/wp-json\/wp\/v2\/comments?post=14566"}],"version-history":[{"count":2,"href":"https:\/\/alcierrenoticias.com\/index.php\/wp-json\/wp\/v2\/posts\/14566\/revisions"}],"predecessor-version":[{"id":14569,"href":"https:\/\/alcierrenoticias.com\/index.php\/wp-json\/wp\/v2\/posts\/14566\/revisions\/14569"}],"wp:featuredmedia":[{"embeddable":true,"href":"https:\/\/alcierrenoticias.com\/index.php\/wp-json\/wp\/v2\/media\/14567"}],"wp:attachment":[{"href":"https:\/\/alcierrenoticias.com\/index.php\/wp-json\/wp\/v2\/media?parent=14566"}],"wp:term":[{"taxonomy":"category","embeddable":true,"href":"https:\/\/alcierrenoticias.com\/index.php\/wp-json\/wp\/v2\/categories?post=14566"},{"taxonomy":"post_tag","embeddable":true,"href":"https:\/\/alcierrenoticias.com\/index.php\/wp-json\/wp\/v2\/tags?post=14566"}],"curies":[{"name":"wp","href":"https:\/\/api.w.org\/{rel}","templated":true}]}}