{"id":14557,"date":"2025-04-29T15:30:26","date_gmt":"2025-04-29T21:30:26","guid":{"rendered":"https:\/\/alcierrenoticias.com\/?p=14557"},"modified":"2025-04-30T22:30:28","modified_gmt":"2025-05-01T04:30:28","slug":"ofertan-en-meoqui-mas-de-70-vacantes-durante-feria-del-empleo","status":"publish","type":"post","link":"https:\/\/alcierrenoticias.com\/index.php\/2025\/04\/29\/ofertan-en-meoqui-mas-de-70-vacantes-durante-feria-del-empleo\/","title":{"rendered":"Ofertan en Meoqui m\u00e1s de 70 vacantes durante Feria del Empleo."},"content":{"rendered":"<p>Las restantes est\u00e1n disponibles en el Sistema Municipal de Empleo<\/p>\n<p>M\u00e1s de 70 meoquenses y habitantes de toda la Regi\u00f3n Centro Sur, participaron en la Feria del Empleo, gracias a la suma de esfuerzos entre el Gobierno Municipal de Meoqui y las empresas \u201cElectrocomponentes de Chihuahua\u201d y \u201cHeineken\u201d donde se ofertaron vacantes como operadores, t\u00e9cnicos, entre otras.<\/p>\n<p>\u201cEsto gracias a la buena coordinaci\u00f3n que tenemos con la iniciativa privada y sobre todo atendiendo la encomienda de nuestra alcaldesa Miriam Soto, de poder ofrecer este tipo de oportunidades a la poblaci\u00f3n que est\u00e1 en b\u00fasqueda\u201d, coment\u00f3 Alan Mata, director de Desarrollo Econ\u00f3mico y Turismo.<\/p>\n<p>Asimismo, a\u00f1adi\u00f3 que, en caso de que aun queden vacantes disponibles, estas se encontraran en el Sistema Municipal de Empleo, por ello, invit\u00f3 a quienes no pudieron asistir a acudir con su solicitud elaborada a las oficinas de Desarrollo Econ\u00f3mico en el municipio, donde ser\u00e1n vinculados directamente con las empresas participantes.<\/p>\n<p>\u201cSeguiremos las indicaciones de nuestra alcaldesa Miriam Soto, de seguir en contacto con estas y con otras m\u00e1s empresas y, sobre todo acercar las oportunidades laborales para nuestra gente\u201d, concluyo el director.<\/p>\n","protected":false},"excerpt":{"rendered":"<p>Las restantes est\u00e1n disponibles en el Sistema Municipal de Empleo M\u00e1s de 70 meoquenses y habitantes de toda la Regi\u00f3n Centro Sur, participaron en la Feria del Empleo, gracias a la suma de esfuerzos entre el Gobierno Municipal de Meoqui y las empresas \u201cElectrocomponentes de Chihuahua\u201d y \u201cHeineken\u201d donde se ofertaron vacantes como operadores, t\u00e9cnicos, entre otras. \u201cEsto gracias a la buena coordinaci\u00f3n que tenemos con la iniciativa privada y sobre todo atendiendo la encomienda de nuestra alcaldesa Miriam Soto, de poder ofrecer este tipo de oportunidades a la poblaci\u00f3n que est\u00e1 en b\u00fasqueda\u201d, coment\u00f3 Alan Mata, director de Desarrollo Econ\u00f3mico y Turismo. Asimismo, a\u00f1adi\u00f3 que, en caso de que aun queden vacantes disponibles, estas se encontraran en el Sistema Municipal de Empleo, por ello, invit\u00f3 a quienes no pudieron asistir a acudir con su solicitud elaborada a las oficinas de Desarrollo Econ\u00f3mico en el municipio, donde ser\u00e1n vinculados directamente con las empresas participantes. \u201cSeguiremos las indicaciones de nuestra alcaldesa Miriam Soto, de seguir en contacto con estas y con otras m\u00e1s empresas y, sobre todo acercar las oportunidades laborales para nuestra gente\u201d, concluyo el director.<\/p>\n","protected":false},"author":2,"featured_media":14558,"comment_status":"open","ping_status":"open","sticky":false,"template":"","format":"standard","meta":{"_monsterinsights_skip_tracking":false,"_monsterinsights_sitenote_active":false,"_monsterinsights_sitenote_note":"","_monsterinsights_sitenote_category":0,"advanced_seo_description":"","jetpack_seo_html_title":"","jetpack_seo_noindex":false,"_jetpack_memberships_contains_paid_content":false,"footnotes":"","jetpack_publicize_message":"","jetpack_publicize_feature_enabled":true,"jetpack_social_post_already_shared":true,"jetpack_social_options":{"image_generator_settings":{"template":"highway","enabled":false},"version":2}},"categories":[135,7,11],"tags":[],"class_list":["post-14557","post","type-post","status-publish","format-standard","has-post-thumbnail","hentry","category-lo-mas-leido","category-local","category-principal"],"jetpack_publicize_connections":[],"jetpack_sharing_enabled":true,"jetpack_featured_media_url":"https:\/\/i0.wp.com\/alcierrenoticias.com\/wp-content\/uploads\/2025\/04\/WhatsApp-Image-2025-04-29-at-3.25.53-PM.jpeg?fit=1600%2C1200&ssl=1","amp_enabled":true,"_links":{"self":[{"href":"https:\/\/alcierrenoticias.com\/index.php\/wp-json\/wp\/v2\/posts\/14557","targetHints":{"allow":["GET"]}}],"collection":[{"href":"https:\/\/alcierrenoticias.com\/index.php\/wp-json\/wp\/v2\/posts"}],"about":[{"href":"https:\/\/alcierrenoticias.com\/index.php\/wp-json\/wp\/v2\/types\/post"}],"author":[{"embeddable":true,"href":"https:\/\/alcierrenoticias.com\/index.php\/wp-json\/wp\/v2\/users\/2"}],"replies":[{"embeddable":true,"href":"https:\/\/alcierrenoticias.com\/index.php\/wp-json\/wp\/v2\/comments?post=14557"}],"version-history":[{"count":2,"href":"https:\/\/alcierrenoticias.com\/index.php\/wp-json\/wp\/v2\/posts\/14557\/revisions"}],"predecessor-version":[{"id":14560,"href":"https:\/\/alcierrenoticias.com\/index.php\/wp-json\/wp\/v2\/posts\/14557\/revisions\/14560"}],"wp:featuredmedia":[{"embeddable":true,"href":"https:\/\/alcierrenoticias.com\/index.php\/wp-json\/wp\/v2\/media\/14558"}],"wp:attachment":[{"href":"https:\/\/alcierrenoticias.com\/index.php\/wp-json\/wp\/v2\/media?parent=14557"}],"wp:term":[{"taxonomy":"category","embeddable":true,"href":"https:\/\/alcierrenoticias.com\/index.php\/wp-json\/wp\/v2\/categories?post=14557"},{"taxonomy":"post_tag","embeddable":true,"href":"https:\/\/alcierrenoticias.com\/index.php\/wp-json\/wp\/v2\/tags?post=14557"}],"curies":[{"name":"wp","href":"https:\/\/api.w.org\/{rel}","templated":true}]}}