{"id":14542,"date":"2025-04-28T18:54:04","date_gmt":"2025-04-29T00:54:04","guid":{"rendered":"https:\/\/alcierrenoticias.com\/?p=14542"},"modified":"2025-04-30T18:59:49","modified_gmt":"2025-05-01T00:59:49","slug":"retira-servicios-publicos-arboles-derribados-en-delicias-por-rafagas-de-viento","status":"publish","type":"post","link":"https:\/\/alcierrenoticias.com\/index.php\/2025\/04\/28\/retira-servicios-publicos-arboles-derribados-en-delicias-por-rafagas-de-viento\/","title":{"rendered":"Retira Servicios P\u00fablicos \u00e1rboles derribados en Delicias por r\u00e1fagas de viento."},"content":{"rendered":"<p>Personal de Servicios P\u00fablicos Municipales del Gobierno de Delicias se encuentra realizando maniobras de retiro y limpieza de \u00e1rboles que fueron derribados debido a las fuertes r\u00e1fagas de viento registradas la tarde de este lunes. Desde los primeros reportes, cuadrillas comenzaron los trabajos para atender de inmediato las afectaciones en distintos puntos de la ciudad.<\/p>\n<p>Carlos Rodr\u00edguez, titular de Servicios P\u00fablicos Municipales, explic\u00f3 que por instrucciones del alcalde Jes\u00fas Valenciano Garc\u00eda se activaron acciones emergentes para retirar \u00e1rboles ca\u00eddos, priorizando aquellos que representaban un riesgo para la circulaci\u00f3n vehicular o para la integridad de los ciudadanos. La atenci\u00f3n inmediata busca prevenir accidentes derivados de obst\u00e1culos en calles y avenidas principales.<\/p>\n<p>Uno de los primeros incidentes atendidos fue en la Avenida Tamaulipas, cerca de la Avenida de las Torres, donde un \u00e1rbol fue retirado en su totalidad. En el mismo sector, Servicios P\u00fablicos procedi\u00f3 tambi\u00e9n al levantamiento de dos huizaches que no resistieron la fuerza del viento y se desplomaron sobre la v\u00eda p\u00fablica, afectando el flujo vehicular.<\/p>\n<p>Carlos Rodr\u00edguez inform\u00f3 que los trabajos de retiro continuar\u00e1n durante toda la tarde de este lunes y se extender\u00e1n tambi\u00e9n al martes, con recorridos en las principales avenidas y colonias. El objetivo es garantizar la seguridad vial y la pronta normalizaci\u00f3n de las calles afectadas.<\/p>\n<p>Finalmente, Servicios P\u00fablicos hizo un llamado a la ciudadan\u00eda para que, en caso de detectar otros \u00e1rboles ca\u00eddos o en riesgo de caer, realicen sus reportes a los tel\u00e9fonos oficiales de la dependencia, permitiendo as\u00ed una atenci\u00f3n m\u00e1s \u00e1gil y oportuna a las emergencias que se sigan presentando.<\/p>\n","protected":false},"excerpt":{"rendered":"<p>Personal de Servicios P\u00fablicos Municipales del Gobierno de Delicias se encuentra realizando maniobras de retiro y limpieza de \u00e1rboles que fueron derribados debido a las fuertes r\u00e1fagas de viento registradas la tarde de este lunes. Desde los primeros reportes, cuadrillas comenzaron los trabajos para atender de inmediato las afectaciones en distintos puntos de la ciudad. Carlos Rodr\u00edguez, titular de Servicios P\u00fablicos Municipales, explic\u00f3 que por instrucciones del alcalde Jes\u00fas Valenciano Garc\u00eda se activaron acciones emergentes para retirar \u00e1rboles ca\u00eddos, priorizando aquellos que representaban un riesgo para la circulaci\u00f3n vehicular o para la integridad de los ciudadanos. La atenci\u00f3n inmediata busca prevenir accidentes derivados de obst\u00e1culos en calles y avenidas principales. Uno de los primeros incidentes atendidos fue en la Avenida Tamaulipas, cerca de la Avenida de las Torres, donde un \u00e1rbol fue retirado en su totalidad. En el mismo sector, Servicios P\u00fablicos procedi\u00f3 tambi\u00e9n al levantamiento de dos huizaches que no resistieron la fuerza del viento y se desplomaron sobre la v\u00eda p\u00fablica, afectando el flujo vehicular. Carlos Rodr\u00edguez inform\u00f3 que los trabajos de retiro continuar\u00e1n durante toda la tarde de este lunes y se extender\u00e1n tambi\u00e9n al martes, con recorridos en las principales avenidas y colonias. El objetivo es garantizar la seguridad vial y la pronta normalizaci\u00f3n de las calles afectadas. Finalmente, Servicios P\u00fablicos hizo un llamado a la ciudadan\u00eda para que, en caso de detectar otros \u00e1rboles ca\u00eddos o en riesgo de caer, realicen sus reportes a los tel\u00e9fonos oficiales de la dependencia, permitiendo as\u00ed una atenci\u00f3n m\u00e1s \u00e1gil y oportuna a las emergencias que se sigan presentando.<\/p>\n","protected":false},"author":2,"featured_media":14543,"comment_status":"open","ping_status":"open","sticky":false,"template":"","format":"standard","meta":{"_monsterinsights_skip_tracking":false,"_monsterinsights_sitenote_active":false,"_monsterinsights_sitenote_note":"","_monsterinsights_sitenote_category":0,"advanced_seo_description":"","jetpack_seo_html_title":"","jetpack_seo_noindex":false,"_jetpack_memberships_contains_paid_content":false,"footnotes":"","jetpack_publicize_message":"","jetpack_publicize_feature_enabled":true,"jetpack_social_post_already_shared":true,"jetpack_social_options":{"image_generator_settings":{"template":"highway","enabled":false},"version":2}},"categories":[135,7,11],"tags":[],"class_list":["post-14542","post","type-post","status-publish","format-standard","has-post-thumbnail","hentry","category-lo-mas-leido","category-local","category-principal"],"jetpack_publicize_connections":[],"jetpack_sharing_enabled":true,"jetpack_featured_media_url":"https:\/\/i0.wp.com\/alcierrenoticias.com\/wp-content\/uploads\/2025\/04\/WhatsApp-Image-2025-04-28-at-6.32.59-PM.jpeg?fit=1599%2C1200&ssl=1","amp_enabled":true,"_links":{"self":[{"href":"https:\/\/alcierrenoticias.com\/index.php\/wp-json\/wp\/v2\/posts\/14542","targetHints":{"allow":["GET"]}}],"collection":[{"href":"https:\/\/alcierrenoticias.com\/index.php\/wp-json\/wp\/v2\/posts"}],"about":[{"href":"https:\/\/alcierrenoticias.com\/index.php\/wp-json\/wp\/v2\/types\/post"}],"author":[{"embeddable":true,"href":"https:\/\/alcierrenoticias.com\/index.php\/wp-json\/wp\/v2\/users\/2"}],"replies":[{"embeddable":true,"href":"https:\/\/alcierrenoticias.com\/index.php\/wp-json\/wp\/v2\/comments?post=14542"}],"version-history":[{"count":2,"href":"https:\/\/alcierrenoticias.com\/index.php\/wp-json\/wp\/v2\/posts\/14542\/revisions"}],"predecessor-version":[{"id":14545,"href":"https:\/\/alcierrenoticias.com\/index.php\/wp-json\/wp\/v2\/posts\/14542\/revisions\/14545"}],"wp:featuredmedia":[{"embeddable":true,"href":"https:\/\/alcierrenoticias.com\/index.php\/wp-json\/wp\/v2\/media\/14543"}],"wp:attachment":[{"href":"https:\/\/alcierrenoticias.com\/index.php\/wp-json\/wp\/v2\/media?parent=14542"}],"wp:term":[{"taxonomy":"category","embeddable":true,"href":"https:\/\/alcierrenoticias.com\/index.php\/wp-json\/wp\/v2\/categories?post=14542"},{"taxonomy":"post_tag","embeddable":true,"href":"https:\/\/alcierrenoticias.com\/index.php\/wp-json\/wp\/v2\/tags?post=14542"}],"curies":[{"name":"wp","href":"https:\/\/api.w.org\/{rel}","templated":true}]}}