{"id":14515,"date":"2025-04-27T22:05:31","date_gmt":"2025-04-28T04:05:31","guid":{"rendered":"https:\/\/alcierrenoticias.com\/?p=14515"},"modified":"2025-04-28T15:19:05","modified_gmt":"2025-04-28T21:19:05","slug":"celebra-delicias-su-92-aniversario-con-magno-desfile-y-gran-participacion-ciudadana","status":"publish","type":"post","link":"https:\/\/alcierrenoticias.com\/index.php\/2025\/04\/27\/celebra-delicias-su-92-aniversario-con-magno-desfile-y-gran-participacion-ciudadana\/","title":{"rendered":"Celebra Delicias su 92 aniversario con magno desfile y gran participaci\u00f3n ciudadana."},"content":{"rendered":"<p>Con un despliegue de 34 contingentes y la presencia de numerosas de familias, Delicias celebr\u00f3 en grande su 92 aniversario con el tradicional Magno Desfile de la Fundaci\u00f3n, que se llev\u00f3 a cabo este domingo 27 de abril a partir de las 5 de la tarde. El recorrido inici\u00f3 en el Parque Glendale y avanz\u00f3 por avenidas principales como la R\u00edo Florido Poniente, R\u00edo San Pedro, R\u00edo Conchos y la Calle Central, hasta concluir en el Trazo de la Ciudad.<\/p>\n<p>El evento fue encabezado desde el templete principal por el presidente municipal Jes\u00fas Valenciano Garc\u00eda, acompa\u00f1ado de su esposa Alma Limas de Valenciano y su familia, quienes presenciaron y reconocieron el entusiasmo de cada uno de los contingentes. Tambi\u00e9n estuvieron presentes autoridades municipales, funcionarios y regidores, reforzando el sentido de unidad y celebraci\u00f3n entre gobierno y ciudadan\u00eda.<\/p>\n<p>Se presentaron temas como \u201cEl Festival\u201d, \u201cLa Tierra, el Desierto\u201d, \u201cEl Agua\u201d, \u201cEl Algod\u00f3n y la Uva\u201d, \u201cOtros Cultivos\u201d, \u201cLa Apicultura\u201d, \u201cLa Nuez\u201d, \u201cLos L\u00e1cteos\u201d, \u201cLa Industria Mueblera\u201d y \u201cLa Fiesta\u201d, cada uno representado por grupos de danza folkl\u00f3rica, jazz, ballet country y distintas instituciones educativas.<\/p>\n<p>Una de las novedades de este desfile fue el reconocimiento, por primera vez, a una empresa deliciense que ha dejado huella en la ciudad: La Competidora Ferretera por celebrar 80 a\u00f1os, s\u00edmbolo del esfuerzo y la tradici\u00f3n empresarial que ha acompa\u00f1ado a Delicias durante d\u00e9cadas.<\/p>\n<p>La jornada transcurri\u00f3 en un ambiente festivo y familiar, bajo un operativo de Seguridad P\u00fablica que garantiz\u00f3 la tranquilidad de los asistentes. El desfile cerr\u00f3 de manera emotiva con la alegor\u00eda \u201cLa Fiesta\u201d y el tradicional paso de caballos, reafirmando el orgullo de ser delicienses.<\/p>\n","protected":false},"excerpt":{"rendered":"<p>Con un despliegue de 34 contingentes y la presencia de numerosas de familias, Delicias celebr\u00f3 en grande su 92 aniversario con el tradicional Magno Desfile de la Fundaci\u00f3n, que se llev\u00f3 a cabo este domingo 27 de abril a partir de las 5 de la tarde. El recorrido inici\u00f3 en el Parque Glendale y avanz\u00f3 por avenidas principales como la R\u00edo Florido Poniente, R\u00edo San Pedro, R\u00edo Conchos y la Calle Central, hasta concluir en el Trazo de la Ciudad. El evento fue encabezado desde el templete principal por el presidente municipal Jes\u00fas Valenciano Garc\u00eda, acompa\u00f1ado de su esposa Alma Limas de Valenciano y su familia, quienes presenciaron y reconocieron el entusiasmo de cada uno de los contingentes. Tambi\u00e9n estuvieron presentes autoridades municipales, funcionarios y regidores, reforzando el sentido de unidad y celebraci\u00f3n entre gobierno y ciudadan\u00eda. Se presentaron temas como \u201cEl Festival\u201d, \u201cLa Tierra, el Desierto\u201d, \u201cEl Agua\u201d, \u201cEl Algod\u00f3n y la Uva\u201d, \u201cOtros Cultivos\u201d, \u201cLa Apicultura\u201d, \u201cLa Nuez\u201d, \u201cLos L\u00e1cteos\u201d, \u201cLa Industria Mueblera\u201d y \u201cLa Fiesta\u201d, cada uno representado por grupos de danza folkl\u00f3rica, jazz, ballet country y distintas instituciones educativas. Una de las novedades de este desfile fue el reconocimiento, por primera vez, a una empresa deliciense que ha dejado huella en la ciudad: La Competidora Ferretera por celebrar 80 a\u00f1os, s\u00edmbolo del esfuerzo y la tradici\u00f3n empresarial que ha acompa\u00f1ado a Delicias durante d\u00e9cadas. La jornada transcurri\u00f3 en un ambiente festivo y familiar, bajo un operativo de Seguridad P\u00fablica que garantiz\u00f3 la tranquilidad de los asistentes. El desfile cerr\u00f3 de manera emotiva con la alegor\u00eda \u201cLa Fiesta\u201d y el tradicional paso de caballos, reafirmando el orgullo de ser delicienses.<\/p>\n","protected":false},"author":2,"featured_media":14516,"comment_status":"open","ping_status":"open","sticky":false,"template":"","format":"standard","meta":{"_monsterinsights_skip_tracking":false,"_monsterinsights_sitenote_active":false,"_monsterinsights_sitenote_note":"","_monsterinsights_sitenote_category":0,"advanced_seo_description":"","jetpack_seo_html_title":"","jetpack_seo_noindex":false,"_jetpack_memberships_contains_paid_content":false,"footnotes":"","jetpack_publicize_message":"","jetpack_publicize_feature_enabled":true,"jetpack_social_post_already_shared":true,"jetpack_social_options":{"image_generator_settings":{"template":"highway","enabled":false},"version":2}},"categories":[135,7,11],"tags":[],"class_list":["post-14515","post","type-post","status-publish","format-standard","has-post-thumbnail","hentry","category-lo-mas-leido","category-local","category-principal"],"jetpack_publicize_connections":[],"jetpack_sharing_enabled":true,"jetpack_featured_media_url":"https:\/\/i0.wp.com\/alcierrenoticias.com\/wp-content\/uploads\/2025\/04\/WhatsApp-Image-2025-04-27-at-8.45.43-PM-scaled.jpeg?fit=2560%2C1706&ssl=1","amp_enabled":true,"_links":{"self":[{"href":"https:\/\/alcierrenoticias.com\/index.php\/wp-json\/wp\/v2\/posts\/14515","targetHints":{"allow":["GET"]}}],"collection":[{"href":"https:\/\/alcierrenoticias.com\/index.php\/wp-json\/wp\/v2\/posts"}],"about":[{"href":"https:\/\/alcierrenoticias.com\/index.php\/wp-json\/wp\/v2\/types\/post"}],"author":[{"embeddable":true,"href":"https:\/\/alcierrenoticias.com\/index.php\/wp-json\/wp\/v2\/users\/2"}],"replies":[{"embeddable":true,"href":"https:\/\/alcierrenoticias.com\/index.php\/wp-json\/wp\/v2\/comments?post=14515"}],"version-history":[{"count":2,"href":"https:\/\/alcierrenoticias.com\/index.php\/wp-json\/wp\/v2\/posts\/14515\/revisions"}],"predecessor-version":[{"id":14518,"href":"https:\/\/alcierrenoticias.com\/index.php\/wp-json\/wp\/v2\/posts\/14515\/revisions\/14518"}],"wp:featuredmedia":[{"embeddable":true,"href":"https:\/\/alcierrenoticias.com\/index.php\/wp-json\/wp\/v2\/media\/14516"}],"wp:attachment":[{"href":"https:\/\/alcierrenoticias.com\/index.php\/wp-json\/wp\/v2\/media?parent=14515"}],"wp:term":[{"taxonomy":"category","embeddable":true,"href":"https:\/\/alcierrenoticias.com\/index.php\/wp-json\/wp\/v2\/categories?post=14515"},{"taxonomy":"post_tag","embeddable":true,"href":"https:\/\/alcierrenoticias.com\/index.php\/wp-json\/wp\/v2\/tags?post=14515"}],"curies":[{"name":"wp","href":"https:\/\/api.w.org\/{rel}","templated":true}]}}