{"id":1450,"date":"2023-03-31T20:18:36","date_gmt":"2023-04-01T03:18:36","guid":{"rendered":"https:\/\/alcierrenoticias.com\/?p=1450"},"modified":"2023-03-31T20:18:36","modified_gmt":"2023-04-01T03:18:36","slug":"inician-en-meoqui-actualizacion-del-censo-nacional-de-gobiernos-municipal-y-demarcaciones-territoriales-2023","status":"publish","type":"post","link":"https:\/\/alcierrenoticias.com\/index.php\/2023\/03\/31\/inician-en-meoqui-actualizacion-del-censo-nacional-de-gobiernos-municipal-y-demarcaciones-territoriales-2023\/","title":{"rendered":"Inician en Meoqui actualizaci\u00f3n del Censo Nacional de Gobiernos Municipal y Demarcaciones Territoriales 2023."},"content":{"rendered":"<p><em>Beneficia en la toma de decisiones y la consulta de informaci\u00f3n por parte de la ciudadan\u00eda y la iniciativa privada en el tema de inversiones<\/em><\/p>\n<p>&nbsp;<\/p>\n<p>\u201cEsto se convierte en una base de informaci\u00f3n para tomar decisiones y la consulta de la ciudadan\u00eda, beneficiando tambi\u00e9n en el tema de inversiones\u201d, expres\u00f3 la alcaldesa Miriam Soto luego del arranque de los trabajos del Censo Nacional de Gobiernos Municipales y Demarcaciones Territoriales 2023 en Meoqui, lo cual es realizado por el Instituto Nacional de Estad\u00edstica y Geograf\u00eda (INEGI) con el objetivo de generar informaci\u00f3n estad\u00edstica y geogr\u00e1fica.<\/p>\n<p>&nbsp;<\/p>\n<p>En Sala de Cabildo de la Presidencia Municipal de Meoqui autoridades municipales y funcionarios p\u00fablicos se dieron cita para dar arranque a estos trabajos de los cuales, Adriana Pen\u00e9lope Gonz\u00e1lez, asesor en el Censo de Gobiernos Municipales del INEGI, destac\u00f3 que tienen todo el apoyo del Gobierno Municipal para que la informaci\u00f3n llegue a toda la ciudadan\u00eda y a los diferentes \u00e1mbitos de gobierno.<\/p>\n<p><img data-recalc-dims=\"1\" fetchpriority=\"high\" decoding=\"async\" class=\"alignnone  wp-image-1452\" src=\"https:\/\/i0.wp.com\/alcierrenoticias.com\/wp-content\/uploads\/2023\/03\/WhatsApp-Image-2023-03-31-at-4.29.12-PM.jpeg?resize=750%2C422&#038;ssl=1\" alt=\"\" width=\"750\" height=\"422\" srcset=\"https:\/\/i0.wp.com\/alcierrenoticias.com\/wp-content\/uploads\/2023\/03\/WhatsApp-Image-2023-03-31-at-4.29.12-PM.jpeg?resize=300%2C169&amp;ssl=1 300w, https:\/\/i0.wp.com\/alcierrenoticias.com\/wp-content\/uploads\/2023\/03\/WhatsApp-Image-2023-03-31-at-4.29.12-PM.jpeg?resize=1024%2C576&amp;ssl=1 1024w, https:\/\/i0.wp.com\/alcierrenoticias.com\/wp-content\/uploads\/2023\/03\/WhatsApp-Image-2023-03-31-at-4.29.12-PM.jpeg?resize=768%2C432&amp;ssl=1 768w, https:\/\/i0.wp.com\/alcierrenoticias.com\/wp-content\/uploads\/2023\/03\/WhatsApp-Image-2023-03-31-at-4.29.12-PM.jpeg?resize=1536%2C864&amp;ssl=1 1536w, https:\/\/i0.wp.com\/alcierrenoticias.com\/wp-content\/uploads\/2023\/03\/WhatsApp-Image-2023-03-31-at-4.29.12-PM.jpeg?w=1600&amp;ssl=1 1600w\" sizes=\"(max-width: 750px) 100vw, 750px\" \/><\/p>\n<p>A su vez, la arquitecta Miriam Soto comparti\u00f3: \u201cEsto beneficia tambi\u00e9n en el tema de inversi\u00f3n, se dan cuenta en que se est\u00e1 invirtiendo el recurso, los servicios con los que contamos y todos estos factores se vuelven determinantes para las inversiones privadas\u201d.<\/p>\n<p>&nbsp;<\/p>\n<p>Este Censo lo realiza el INEGI cada dos a\u00f1os en los tres niveles de gobierno, as\u00ed como en los 2 mil 475 municipio que comprende la Rep\u00fablica Mexicana, dividiendo la consulta en siete m\u00f3dulos, los cuales son: Integraci\u00f3n del Ayuntamiento, Administraci\u00f3n P\u00fablica, Seguridad P\u00fablica, Protecci\u00f3n Civil, Justica C\u00edvica, Agua Potable y Saneamiento y Residuos T\u00f3xicos.<\/p>\n<p>&nbsp;<\/p>\n<p>En el evento tambi\u00e9n integraron el Pres\u00eddium Juan Octavio Rodr\u00edguez, conferencista del INEGI, Jorge Vel\u00e1zquez, Secretario Municipal y Juan Pablo Legarreta, S\u00edndico Municipal.<\/p>\n","protected":false},"excerpt":{"rendered":"<p>Beneficia en la toma de decisiones y la consulta de informaci\u00f3n por parte de la ciudadan\u00eda y la iniciativa privada en el tema de inversiones &nbsp; \u201cEsto se convierte en una base de informaci\u00f3n para tomar decisiones y la consulta de la ciudadan\u00eda, beneficiando tambi\u00e9n en el tema de inversiones\u201d, expres\u00f3 la alcaldesa Miriam Soto luego del arranque de los trabajos del Censo Nacional de Gobiernos Municipales y Demarcaciones Territoriales 2023 en Meoqui, lo cual es realizado por el Instituto Nacional de Estad\u00edstica y Geograf\u00eda (INEGI) con el objetivo de generar informaci\u00f3n estad\u00edstica y geogr\u00e1fica. &nbsp; En Sala de Cabildo de la Presidencia Municipal de Meoqui autoridades municipales y funcionarios p\u00fablicos se dieron cita para dar arranque a estos trabajos de los cuales, Adriana Pen\u00e9lope Gonz\u00e1lez, asesor en el Censo de Gobiernos Municipales del INEGI, destac\u00f3 que tienen todo el apoyo del Gobierno Municipal para que la informaci\u00f3n llegue a toda la ciudadan\u00eda y a los diferentes \u00e1mbitos de gobierno. A su vez, la arquitecta Miriam Soto comparti\u00f3: \u201cEsto beneficia tambi\u00e9n en el tema de inversi\u00f3n, se dan cuenta en que se est\u00e1 invirtiendo el recurso, los servicios con los que contamos y todos estos factores se vuelven determinantes para las inversiones privadas\u201d. &nbsp; Este Censo lo realiza el INEGI cada dos a\u00f1os en los tres niveles de gobierno, as\u00ed como en los 2 mil 475 municipio que comprende la Rep\u00fablica Mexicana, dividiendo la consulta en siete m\u00f3dulos, los cuales son: Integraci\u00f3n del Ayuntamiento, Administraci\u00f3n P\u00fablica, Seguridad P\u00fablica, Protecci\u00f3n Civil, Justica C\u00edvica, Agua Potable y Saneamiento y Residuos T\u00f3xicos. &nbsp; En el evento tambi\u00e9n integraron el Pres\u00eddium Juan Octavio Rodr\u00edguez, conferencista del INEGI, Jorge Vel\u00e1zquez, Secretario Municipal y Juan Pablo Legarreta, S\u00edndico Municipal.<\/p>\n","protected":false},"author":2,"featured_media":1451,"comment_status":"open","ping_status":"open","sticky":false,"template":"","format":"standard","meta":{"_monsterinsights_skip_tracking":false,"_monsterinsights_sitenote_active":false,"_monsterinsights_sitenote_note":"","_monsterinsights_sitenote_category":0,"advanced_seo_description":"","jetpack_seo_html_title":"","jetpack_seo_noindex":false,"_jetpack_memberships_contains_paid_content":false,"footnotes":"","jetpack_publicize_message":"","jetpack_publicize_feature_enabled":true,"jetpack_social_post_already_shared":true,"jetpack_social_options":{"image_generator_settings":{"template":"highway","enabled":false},"version":2}},"categories":[135,7,11],"tags":[],"class_list":["post-1450","post","type-post","status-publish","format-standard","has-post-thumbnail","hentry","category-lo-mas-leido","category-local","category-principal"],"jetpack_publicize_connections":[],"jetpack_sharing_enabled":true,"jetpack_featured_media_url":"https:\/\/i0.wp.com\/alcierrenoticias.com\/wp-content\/uploads\/2023\/03\/WhatsApp-Image-2023-03-31-at-4.29.07-PM.jpeg?fit=1600%2C913&ssl=1","amp_enabled":true,"_links":{"self":[{"href":"https:\/\/alcierrenoticias.com\/index.php\/wp-json\/wp\/v2\/posts\/1450","targetHints":{"allow":["GET"]}}],"collection":[{"href":"https:\/\/alcierrenoticias.com\/index.php\/wp-json\/wp\/v2\/posts"}],"about":[{"href":"https:\/\/alcierrenoticias.com\/index.php\/wp-json\/wp\/v2\/types\/post"}],"author":[{"embeddable":true,"href":"https:\/\/alcierrenoticias.com\/index.php\/wp-json\/wp\/v2\/users\/2"}],"replies":[{"embeddable":true,"href":"https:\/\/alcierrenoticias.com\/index.php\/wp-json\/wp\/v2\/comments?post=1450"}],"version-history":[{"count":1,"href":"https:\/\/alcierrenoticias.com\/index.php\/wp-json\/wp\/v2\/posts\/1450\/revisions"}],"predecessor-version":[{"id":1453,"href":"https:\/\/alcierrenoticias.com\/index.php\/wp-json\/wp\/v2\/posts\/1450\/revisions\/1453"}],"wp:featuredmedia":[{"embeddable":true,"href":"https:\/\/alcierrenoticias.com\/index.php\/wp-json\/wp\/v2\/media\/1451"}],"wp:attachment":[{"href":"https:\/\/alcierrenoticias.com\/index.php\/wp-json\/wp\/v2\/media?parent=1450"}],"wp:term":[{"taxonomy":"category","embeddable":true,"href":"https:\/\/alcierrenoticias.com\/index.php\/wp-json\/wp\/v2\/categories?post=1450"},{"taxonomy":"post_tag","embeddable":true,"href":"https:\/\/alcierrenoticias.com\/index.php\/wp-json\/wp\/v2\/tags?post=1450"}],"curies":[{"name":"wp","href":"https:\/\/api.w.org\/{rel}","templated":true}]}}