{"id":14494,"date":"2025-04-26T20:58:20","date_gmt":"2025-04-27T02:58:20","guid":{"rendered":"https:\/\/alcierrenoticias.com\/?p=14494"},"modified":"2025-04-28T15:00:31","modified_gmt":"2025-04-28T21:00:31","slug":"miriam-soto-presente-en-la-asamblea-general-de-la-federacion-estatal-de-colegios-de-abogados","status":"publish","type":"post","link":"https:\/\/alcierrenoticias.com\/index.php\/2025\/04\/26\/miriam-soto-presente-en-la-asamblea-general-de-la-federacion-estatal-de-colegios-de-abogados\/","title":{"rendered":"Miriam Soto presente en la Asamblea General de la Federaci\u00f3n Estatal de Colegios de Abogados."},"content":{"rendered":"<p>&#8220;El trabajo de los abogados es fundamental para garantizar el acceso a la justicia y fortalecer el estado de derecho en nuestra sociedad&#8221;<\/p>\n<p>La alcaldesa de Meoqui, Miriam Soto, acompa\u00f1\u00f3 al Colegio de Abogados de Delicias A.C. en la D\u00e9cimo Primera Asamblea General Ordinaria de la Federaci\u00f3n Estatal Chihuahuense de Colegios de Abogados, A.C., realizada este s\u00e1bado 26 de abril en el sal\u00f3n &#8220;Cien Mariposas&#8221; de la ciudad de Delicias.<\/p>\n<p>Durante el evento, Miriam Soto reconoci\u00f3 el papel fundamental que desempe\u00f1an los abogados en nuestra sociedad. &#8220;El trabajo de los abogados es fundamental para garantizar el acceso a la justicia y fortalecer el estado de derecho en nuestra sociedad&#8221;, expres\u00f3 la presidenta municipal.<\/p>\n<p>La Asamblea General fue un espacio de di\u00e1logo y uni\u00f3n para el gremio jur\u00eddico, contando adem\u00e1s con la presencia del Fiscal General del Estado, Licenciado C\u00e9sar J\u00e1uregui Moreno, quien imparti\u00f3 la conferencia \u201cReforma al Poder Judicial\u201d.<\/p>\n<p>La convocatoria estuvo a cargo del Licenciado Dar\u00edo Machuca Alvarado, Presidente de la Federaci\u00f3n, en cumplimiento a los estatutos que rigen la vida de esta organizaci\u00f3n. Durante la sesi\u00f3n se llevaron a cabo actividades como la verificaci\u00f3n de qu\u00f3rum legal, la instalaci\u00f3n formal de la asamblea, informes de actividades, y la participaci\u00f3n de invitados especiales.<\/p>\n<p>La alcaldesa reiter\u00f3 su compromiso de seguir impulsando la colaboraci\u00f3n entre el municipio de Meoqui y el gremio jur\u00eddico para fortalecer la justicia y el estado de derecho en la regi\u00f3n.<\/p>\n","protected":false},"excerpt":{"rendered":"<p>&#8220;El trabajo de los abogados es fundamental para garantizar el acceso a la justicia y fortalecer el estado de derecho en nuestra sociedad&#8221; La alcaldesa de Meoqui, Miriam Soto, acompa\u00f1\u00f3 al Colegio de Abogados de Delicias A.C. en la D\u00e9cimo Primera Asamblea General Ordinaria de la Federaci\u00f3n Estatal Chihuahuense de Colegios de Abogados, A.C., realizada este s\u00e1bado 26 de abril en el sal\u00f3n &#8220;Cien Mariposas&#8221; de la ciudad de Delicias. Durante el evento, Miriam Soto reconoci\u00f3 el papel fundamental que desempe\u00f1an los abogados en nuestra sociedad. &#8220;El trabajo de los abogados es fundamental para garantizar el acceso a la justicia y fortalecer el estado de derecho en nuestra sociedad&#8221;, expres\u00f3 la presidenta municipal. La Asamblea General fue un espacio de di\u00e1logo y uni\u00f3n para el gremio jur\u00eddico, contando adem\u00e1s con la presencia del Fiscal General del Estado, Licenciado C\u00e9sar J\u00e1uregui Moreno, quien imparti\u00f3 la conferencia \u201cReforma al Poder Judicial\u201d. La convocatoria estuvo a cargo del Licenciado Dar\u00edo Machuca Alvarado, Presidente de la Federaci\u00f3n, en cumplimiento a los estatutos que rigen la vida de esta organizaci\u00f3n. Durante la sesi\u00f3n se llevaron a cabo actividades como la verificaci\u00f3n de qu\u00f3rum legal, la instalaci\u00f3n formal de la asamblea, informes de actividades, y la participaci\u00f3n de invitados especiales. La alcaldesa reiter\u00f3 su compromiso de seguir impulsando la colaboraci\u00f3n entre el municipio de Meoqui y el gremio jur\u00eddico para fortalecer la justicia y el estado de derecho en la regi\u00f3n.<\/p>\n","protected":false},"author":2,"featured_media":14496,"comment_status":"open","ping_status":"open","sticky":false,"template":"","format":"standard","meta":{"_monsterinsights_skip_tracking":false,"_monsterinsights_sitenote_active":false,"_monsterinsights_sitenote_note":"","_monsterinsights_sitenote_category":0,"advanced_seo_description":"","jetpack_seo_html_title":"","jetpack_seo_noindex":false,"_jetpack_memberships_contains_paid_content":false,"footnotes":"","jetpack_publicize_message":"","jetpack_publicize_feature_enabled":true,"jetpack_social_post_already_shared":true,"jetpack_social_options":{"image_generator_settings":{"template":"highway","enabled":false},"version":2}},"categories":[135,7,11],"tags":[],"class_list":["post-14494","post","type-post","status-publish","format-standard","has-post-thumbnail","hentry","category-lo-mas-leido","category-local","category-principal"],"jetpack_publicize_connections":[],"jetpack_sharing_enabled":true,"jetpack_featured_media_url":"https:\/\/i0.wp.com\/alcierrenoticias.com\/wp-content\/uploads\/2025\/04\/WhatsApp-Image-2025-04-26-at-8.53.31-PM.jpeg?fit=1280%2C853&ssl=1","amp_enabled":true,"_links":{"self":[{"href":"https:\/\/alcierrenoticias.com\/index.php\/wp-json\/wp\/v2\/posts\/14494","targetHints":{"allow":["GET"]}}],"collection":[{"href":"https:\/\/alcierrenoticias.com\/index.php\/wp-json\/wp\/v2\/posts"}],"about":[{"href":"https:\/\/alcierrenoticias.com\/index.php\/wp-json\/wp\/v2\/types\/post"}],"author":[{"embeddable":true,"href":"https:\/\/alcierrenoticias.com\/index.php\/wp-json\/wp\/v2\/users\/2"}],"replies":[{"embeddable":true,"href":"https:\/\/alcierrenoticias.com\/index.php\/wp-json\/wp\/v2\/comments?post=14494"}],"version-history":[{"count":2,"href":"https:\/\/alcierrenoticias.com\/index.php\/wp-json\/wp\/v2\/posts\/14494\/revisions"}],"predecessor-version":[{"id":14497,"href":"https:\/\/alcierrenoticias.com\/index.php\/wp-json\/wp\/v2\/posts\/14494\/revisions\/14497"}],"wp:featuredmedia":[{"embeddable":true,"href":"https:\/\/alcierrenoticias.com\/index.php\/wp-json\/wp\/v2\/media\/14496"}],"wp:attachment":[{"href":"https:\/\/alcierrenoticias.com\/index.php\/wp-json\/wp\/v2\/media?parent=14494"}],"wp:term":[{"taxonomy":"category","embeddable":true,"href":"https:\/\/alcierrenoticias.com\/index.php\/wp-json\/wp\/v2\/categories?post=14494"},{"taxonomy":"post_tag","embeddable":true,"href":"https:\/\/alcierrenoticias.com\/index.php\/wp-json\/wp\/v2\/tags?post=14494"}],"curies":[{"name":"wp","href":"https:\/\/api.w.org\/{rel}","templated":true}]}}