{"id":14485,"date":"2025-04-26T17:40:48","date_gmt":"2025-04-26T23:40:48","guid":{"rendered":"https:\/\/alcierrenoticias.com\/?p=14485"},"modified":"2025-04-28T14:51:09","modified_gmt":"2025-04-28T20:51:09","slug":"conectan-a-ninos-con-la-naturaleza-en-el-rally-de-la-tierra-en-delicias","status":"publish","type":"post","link":"https:\/\/alcierrenoticias.com\/index.php\/2025\/04\/26\/conectan-a-ninos-con-la-naturaleza-en-el-rally-de-la-tierra-en-delicias\/","title":{"rendered":"Conectan a ni\u00f1os con la naturaleza en el Rally de la Tierra en Delicias."},"content":{"rendered":"<p>En el marco de las celebraciones por el 92 aniversario de la Fundaci\u00f3n de Delicias, se llev\u00f3 a cabo el Rally de la Tierra 2025, una actividad dirigida a ni\u00f1as y ni\u00f1os con el objetivo de fomentar la conexi\u00f3n con la naturaleza y crear conciencia sobre el cuidado del medio ambiente. El evento se desarroll\u00f3 en el Parque Fundadores y reuni\u00f3 a alrededor de 150 peque\u00f1os en una ma\u00f1ana llena de aprendizaje y diversi\u00f3n.<\/p>\n<p>El presidente municipal Jes\u00fas Valenciano Garc\u00eda y su esposa, la presidenta del DIF Municipal, Alma Limas de Valenciano, recorrieron los m\u00f3dulos de actividades, convivieron con los ni\u00f1os y alentaron su participaci\u00f3n. \u201cEstamos aqu\u00ed, muy contentos, viendo la energ\u00eda y entusiasmo de los ni\u00f1os en este rally que tiene como objetivo aprender la importancia de cuidar el agua, de cuidar el planeta y aprender la importancia de reforestar\u201d, expres\u00f3 el alcalde.<\/p>\n<p>Durante el rally, los ni\u00f1os pasaron por ocho estaciones diferentes, cada una dise\u00f1ada para ense\u00f1ar de manera divertida temas como la importancia de reciclar, el cuidado del agua, la conservaci\u00f3n de especies, y la protecci\u00f3n del planeta. Las actividades din\u00e1micas permitieron a los peque\u00f1os aprender jugando, reforzando el mensaje de que \u201cno hay un Planeta B\u201d.<\/p>\n<p>Juan Torrecillas jefe de Medioambiente en Delicias, indic\u00f3 que el Rally de la Tierra forma parte de una serie de actividades ambientales que el Gobierno Municipal organiza durante el mes de abril, en conmemoraci\u00f3n del D\u00eda Internacional de la Madre Tierra. Estas acciones buscan fortalecer la conciencia ecol\u00f3gica desde edades tempranas, apostando a la educaci\u00f3n como principal herramienta para el cambio.<\/p>\n<p>Record\u00f3 que una de las indicaciones constantes del alcalde Jes\u00fas Valenciano ha sido trabajar de manera decidida en la formaci\u00f3n de nuevas generaciones, conscientes de la importancia de cuidar el ecosistema. \u201cSon los j\u00f3venes quienes deben abanderar los cambios que nuestro planeta necesita\u201d, destac\u00f3.<\/p>\n<p>Con eventos como el Rally de la Tierra, Delicias consolida su compromiso de ser una ciudad modelo en materia de educaci\u00f3n ambiental y sostenibilidad, apostando siempre por un futuro donde las nuevas generaciones respeten, valoren y protejan el medio ambiente que todos compartimos.<\/p>\n","protected":false},"excerpt":{"rendered":"<p>En el marco de las celebraciones por el 92 aniversario de la Fundaci\u00f3n de Delicias, se llev\u00f3 a cabo el Rally de la Tierra 2025, una actividad dirigida a ni\u00f1as y ni\u00f1os con el objetivo de fomentar la conexi\u00f3n con la naturaleza y crear conciencia sobre el cuidado del medio ambiente. El evento se desarroll\u00f3 en el Parque Fundadores y reuni\u00f3 a alrededor de 150 peque\u00f1os en una ma\u00f1ana llena de aprendizaje y diversi\u00f3n. El presidente municipal Jes\u00fas Valenciano Garc\u00eda y su esposa, la presidenta del DIF Municipal, Alma Limas de Valenciano, recorrieron los m\u00f3dulos de actividades, convivieron con los ni\u00f1os y alentaron su participaci\u00f3n. \u201cEstamos aqu\u00ed, muy contentos, viendo la energ\u00eda y entusiasmo de los ni\u00f1os en este rally que tiene como objetivo aprender la importancia de cuidar el agua, de cuidar el planeta y aprender la importancia de reforestar\u201d, expres\u00f3 el alcalde. Durante el rally, los ni\u00f1os pasaron por ocho estaciones diferentes, cada una dise\u00f1ada para ense\u00f1ar de manera divertida temas como la importancia de reciclar, el cuidado del agua, la conservaci\u00f3n de especies, y la protecci\u00f3n del planeta. Las actividades din\u00e1micas permitieron a los peque\u00f1os aprender jugando, reforzando el mensaje de que \u201cno hay un Planeta B\u201d. Juan Torrecillas jefe de Medioambiente en Delicias, indic\u00f3 que el Rally de la Tierra forma parte de una serie de actividades ambientales que el Gobierno Municipal organiza durante el mes de abril, en conmemoraci\u00f3n del D\u00eda Internacional de la Madre Tierra. Estas acciones buscan fortalecer la conciencia ecol\u00f3gica desde edades tempranas, apostando a la educaci\u00f3n como principal herramienta para el cambio. Record\u00f3 que una de las indicaciones constantes del alcalde Jes\u00fas Valenciano ha sido trabajar de manera decidida en la formaci\u00f3n de nuevas generaciones, conscientes de la importancia de cuidar el ecosistema. \u201cSon los j\u00f3venes quienes deben abanderar los cambios que nuestro planeta necesita\u201d, destac\u00f3. Con eventos como el Rally de la Tierra, Delicias consolida su compromiso de ser una ciudad modelo en materia de educaci\u00f3n ambiental y sostenibilidad, apostando siempre por un futuro donde las nuevas generaciones respeten, valoren y protejan el medio ambiente que todos compartimos.<\/p>\n","protected":false},"author":2,"featured_media":14486,"comment_status":"open","ping_status":"open","sticky":false,"template":"","format":"standard","meta":{"_monsterinsights_skip_tracking":false,"_monsterinsights_sitenote_active":false,"_monsterinsights_sitenote_note":"","_monsterinsights_sitenote_category":0,"advanced_seo_description":"","jetpack_seo_html_title":"","jetpack_seo_noindex":false,"_jetpack_memberships_contains_paid_content":false,"footnotes":"","jetpack_publicize_message":"","jetpack_publicize_feature_enabled":true,"jetpack_social_post_already_shared":true,"jetpack_social_options":{"image_generator_settings":{"template":"highway","enabled":false},"version":2}},"categories":[135,7,11],"tags":[],"class_list":["post-14485","post","type-post","status-publish","format-standard","has-post-thumbnail","hentry","category-lo-mas-leido","category-local","category-principal"],"jetpack_publicize_connections":[],"jetpack_sharing_enabled":true,"jetpack_featured_media_url":"https:\/\/i0.wp.com\/alcierrenoticias.com\/wp-content\/uploads\/2025\/04\/WhatsApp-Image-2025-04-26-at-5.33.59-PM.jpeg?fit=1600%2C1066&ssl=1","amp_enabled":true,"_links":{"self":[{"href":"https:\/\/alcierrenoticias.com\/index.php\/wp-json\/wp\/v2\/posts\/14485","targetHints":{"allow":["GET"]}}],"collection":[{"href":"https:\/\/alcierrenoticias.com\/index.php\/wp-json\/wp\/v2\/posts"}],"about":[{"href":"https:\/\/alcierrenoticias.com\/index.php\/wp-json\/wp\/v2\/types\/post"}],"author":[{"embeddable":true,"href":"https:\/\/alcierrenoticias.com\/index.php\/wp-json\/wp\/v2\/users\/2"}],"replies":[{"embeddable":true,"href":"https:\/\/alcierrenoticias.com\/index.php\/wp-json\/wp\/v2\/comments?post=14485"}],"version-history":[{"count":2,"href":"https:\/\/alcierrenoticias.com\/index.php\/wp-json\/wp\/v2\/posts\/14485\/revisions"}],"predecessor-version":[{"id":14488,"href":"https:\/\/alcierrenoticias.com\/index.php\/wp-json\/wp\/v2\/posts\/14485\/revisions\/14488"}],"wp:featuredmedia":[{"embeddable":true,"href":"https:\/\/alcierrenoticias.com\/index.php\/wp-json\/wp\/v2\/media\/14486"}],"wp:attachment":[{"href":"https:\/\/alcierrenoticias.com\/index.php\/wp-json\/wp\/v2\/media?parent=14485"}],"wp:term":[{"taxonomy":"category","embeddable":true,"href":"https:\/\/alcierrenoticias.com\/index.php\/wp-json\/wp\/v2\/categories?post=14485"},{"taxonomy":"post_tag","embeddable":true,"href":"https:\/\/alcierrenoticias.com\/index.php\/wp-json\/wp\/v2\/tags?post=14485"}],"curies":[{"name":"wp","href":"https:\/\/api.w.org\/{rel}","templated":true}]}}