{"id":14472,"date":"2025-04-25T13:43:27","date_gmt":"2025-04-25T19:43:27","guid":{"rendered":"https:\/\/alcierrenoticias.com\/?p=14472"},"modified":"2025-04-28T14:36:30","modified_gmt":"2025-04-28T20:36:30","slug":"convoca-gobierno-de-meoqui-a-feria-del-empleo-proximo-lunes-y-martes","status":"publish","type":"post","link":"https:\/\/alcierrenoticias.com\/index.php\/2025\/04\/25\/convoca-gobierno-de-meoqui-a-feria-del-empleo-proximo-lunes-y-martes\/","title":{"rendered":"Convoca Gobierno de Meoqui a Feria del Empleo pr\u00f3ximo lunes y martes."},"content":{"rendered":"<p>Lunes se instalar\u00e1 Electrocomponentes de Chihuahua y martes Heineken<\/p>\n<p>Con el objetivo de seguir impulsando el desarrollo econ\u00f3mico del municipio, generar nuevas oportunidades laborales y en coordinaci\u00f3n con empresas del sector privado, este pr\u00f3ximo lunes 28 y martes 29 de abril se llevar\u00e1 a cabo una Feria del Empleo en un horario de 9 de la ma\u00f1ana a 1 de la tarde donde la empresa Electrocomponentes de Chihuahua y Heineken Meoqui, estar\u00e1n ofertando m\u00e1s de 100 vacantes para los meoquenses<\/p>\n<p>Alan Mata, director de Desarrollo Economico y Turismo de Meoqui, coment\u00f3 que estas ferias son resultado del trabajo coordinado con la iniciativa privada, atendiendo a la encomienda de la alcaldesa Miriam Soto, quien ha promovido firmemente este tipo de acciones para fortalecer la econom\u00eda de las familias meoquenses.<\/p>\n<p>Finalmente, invit\u00f3 a los asistentes a llevar su solicitud de empleo debidamente elaborada, con fotograf\u00eda, adem\u00e1s de una identificaci\u00f3n oficial para facilitar el proceso de contacto con las empresas.<\/p>\n","protected":false},"excerpt":{"rendered":"<p>Lunes se instalar\u00e1 Electrocomponentes de Chihuahua y martes Heineken Con el objetivo de seguir impulsando el desarrollo econ\u00f3mico del municipio, generar nuevas oportunidades laborales y en coordinaci\u00f3n con empresas del sector privado, este pr\u00f3ximo lunes 28 y martes 29 de abril se llevar\u00e1 a cabo una Feria del Empleo en un horario de 9 de la ma\u00f1ana a 1 de la tarde donde la empresa Electrocomponentes de Chihuahua y Heineken Meoqui, estar\u00e1n ofertando m\u00e1s de 100 vacantes para los meoquenses Alan Mata, director de Desarrollo Economico y Turismo de Meoqui, coment\u00f3 que estas ferias son resultado del trabajo coordinado con la iniciativa privada, atendiendo a la encomienda de la alcaldesa Miriam Soto, quien ha promovido firmemente este tipo de acciones para fortalecer la econom\u00eda de las familias meoquenses. Finalmente, invit\u00f3 a los asistentes a llevar su solicitud de empleo debidamente elaborada, con fotograf\u00eda, adem\u00e1s de una identificaci\u00f3n oficial para facilitar el proceso de contacto con las empresas.<\/p>\n","protected":false},"author":2,"featured_media":14473,"comment_status":"open","ping_status":"open","sticky":false,"template":"","format":"standard","meta":{"_monsterinsights_skip_tracking":false,"_monsterinsights_sitenote_active":false,"_monsterinsights_sitenote_note":"","_monsterinsights_sitenote_category":0,"advanced_seo_description":"","jetpack_seo_html_title":"","jetpack_seo_noindex":false,"_jetpack_memberships_contains_paid_content":false,"footnotes":"","jetpack_publicize_message":"","jetpack_publicize_feature_enabled":true,"jetpack_social_post_already_shared":true,"jetpack_social_options":{"image_generator_settings":{"template":"highway","enabled":false},"version":2}},"categories":[135,7,11],"tags":[],"class_list":["post-14472","post","type-post","status-publish","format-standard","has-post-thumbnail","hentry","category-lo-mas-leido","category-local","category-principal"],"jetpack_publicize_connections":[],"jetpack_sharing_enabled":true,"jetpack_featured_media_url":"https:\/\/i0.wp.com\/alcierrenoticias.com\/wp-content\/uploads\/2025\/04\/WhatsApp-Image-2025-04-25-at-1.35.11-PM.jpeg?fit=1280%2C853&ssl=1","amp_enabled":true,"_links":{"self":[{"href":"https:\/\/alcierrenoticias.com\/index.php\/wp-json\/wp\/v2\/posts\/14472","targetHints":{"allow":["GET"]}}],"collection":[{"href":"https:\/\/alcierrenoticias.com\/index.php\/wp-json\/wp\/v2\/posts"}],"about":[{"href":"https:\/\/alcierrenoticias.com\/index.php\/wp-json\/wp\/v2\/types\/post"}],"author":[{"embeddable":true,"href":"https:\/\/alcierrenoticias.com\/index.php\/wp-json\/wp\/v2\/users\/2"}],"replies":[{"embeddable":true,"href":"https:\/\/alcierrenoticias.com\/index.php\/wp-json\/wp\/v2\/comments?post=14472"}],"version-history":[{"count":2,"href":"https:\/\/alcierrenoticias.com\/index.php\/wp-json\/wp\/v2\/posts\/14472\/revisions"}],"predecessor-version":[{"id":14475,"href":"https:\/\/alcierrenoticias.com\/index.php\/wp-json\/wp\/v2\/posts\/14472\/revisions\/14475"}],"wp:featuredmedia":[{"embeddable":true,"href":"https:\/\/alcierrenoticias.com\/index.php\/wp-json\/wp\/v2\/media\/14473"}],"wp:attachment":[{"href":"https:\/\/alcierrenoticias.com\/index.php\/wp-json\/wp\/v2\/media?parent=14472"}],"wp:term":[{"taxonomy":"category","embeddable":true,"href":"https:\/\/alcierrenoticias.com\/index.php\/wp-json\/wp\/v2\/categories?post=14472"},{"taxonomy":"post_tag","embeddable":true,"href":"https:\/\/alcierrenoticias.com\/index.php\/wp-json\/wp\/v2\/tags?post=14472"}],"curies":[{"name":"wp","href":"https:\/\/api.w.org\/{rel}","templated":true}]}}