{"id":14464,"date":"2025-04-25T10:55:44","date_gmt":"2025-04-25T16:55:44","guid":{"rendered":"https:\/\/alcierrenoticias.com\/?p=14464"},"modified":"2025-04-28T14:28:25","modified_gmt":"2025-04-28T20:28:25","slug":"celia-medina-es-ratificada-como-gobernadora-indigena-confiamos-en-que-seguira-representando-diganmente-a-la-comunidad-raramuri-jorge-aldana","status":"publish","type":"post","link":"https:\/\/alcierrenoticias.com\/index.php\/2025\/04\/25\/celia-medina-es-ratificada-como-gobernadora-indigena-confiamos-en-que-seguira-representando-diganmente-a-la-comunidad-raramuri-jorge-aldana\/","title":{"rendered":"Celia Medina es ratificada como gobernadora indigena, confiamos en que seguira representando diganmente a la comunidad raramuri: Jorge Aldana."},"content":{"rendered":"<p>En un acto realizado conforme a las tradiciones del pueblo rar\u00e1muri, Celia Medina fue ratificada como Gobernadora Ind\u00edgena, cargo que continuar\u00e1 ejerciendo en representaci\u00f3n de su comunidad.<\/p>\n<p>La ceremonia cont\u00f3 con la presencia de autoridades tradicionales y municipales, reafirmando el respeto a la autonom\u00eda y a los procesos propios de los pueblos originarios.<\/p>\n<p>La ratificaci\u00f3n de Celia Medina representa un paso firme en la preservaci\u00f3n de la identidad cultural rar\u00e1muri y el fortalecimiento del trabajo conjunto entre la administraci\u00f3n municipal y las comunidades ind\u00edgenas.<\/p>\n<p>Al respecto, el presidente municipal Jorge Aldana expres\u00f3:<br \/>\n&#8220;Conf\u00edo en que Celia Medina seguir\u00e1 representando dignamente al pueblo rar\u00e1muri, y estoy seguro de que luchar\u00e1 por sus derechos. Estamos listos para seguir trabajando juntos.&#8221;<\/p>\n","protected":false},"excerpt":{"rendered":"<p>En un acto realizado conforme a las tradiciones del pueblo rar\u00e1muri, Celia Medina fue ratificada como Gobernadora Ind\u00edgena, cargo que continuar\u00e1 ejerciendo en representaci\u00f3n de su comunidad. La ceremonia cont\u00f3 con la presencia de autoridades tradicionales y municipales, reafirmando el respeto a la autonom\u00eda y a los procesos propios de los pueblos originarios. La ratificaci\u00f3n de Celia Medina representa un paso firme en la preservaci\u00f3n de la identidad cultural rar\u00e1muri y el fortalecimiento del trabajo conjunto entre la administraci\u00f3n municipal y las comunidades ind\u00edgenas. Al respecto, el presidente municipal Jorge Aldana expres\u00f3: &#8220;Conf\u00edo en que Celia Medina seguir\u00e1 representando dignamente al pueblo rar\u00e1muri, y estoy seguro de que luchar\u00e1 por sus derechos. Estamos listos para seguir trabajando juntos.&#8221;<\/p>\n","protected":false},"author":2,"featured_media":14465,"comment_status":"open","ping_status":"open","sticky":false,"template":"","format":"standard","meta":{"_monsterinsights_skip_tracking":false,"_monsterinsights_sitenote_active":false,"_monsterinsights_sitenote_note":"","_monsterinsights_sitenote_category":0,"advanced_seo_description":"","jetpack_seo_html_title":"","jetpack_seo_noindex":false,"_jetpack_memberships_contains_paid_content":false,"footnotes":"","jetpack_publicize_message":"","jetpack_publicize_feature_enabled":true,"jetpack_social_post_already_shared":true,"jetpack_social_options":{"image_generator_settings":{"template":"highway","enabled":false},"version":2}},"categories":[8,135,11],"tags":[],"class_list":["post-14464","post","type-post","status-publish","format-standard","has-post-thumbnail","hentry","category-estado","category-lo-mas-leido","category-principal"],"jetpack_publicize_connections":[],"jetpack_sharing_enabled":true,"jetpack_featured_media_url":"https:\/\/i0.wp.com\/alcierrenoticias.com\/wp-content\/uploads\/2025\/04\/WhatsApp-Image-2025-04-25-at-10.50.07-AM.jpeg?fit=1600%2C1066&ssl=1","amp_enabled":true,"_links":{"self":[{"href":"https:\/\/alcierrenoticias.com\/index.php\/wp-json\/wp\/v2\/posts\/14464","targetHints":{"allow":["GET"]}}],"collection":[{"href":"https:\/\/alcierrenoticias.com\/index.php\/wp-json\/wp\/v2\/posts"}],"about":[{"href":"https:\/\/alcierrenoticias.com\/index.php\/wp-json\/wp\/v2\/types\/post"}],"author":[{"embeddable":true,"href":"https:\/\/alcierrenoticias.com\/index.php\/wp-json\/wp\/v2\/users\/2"}],"replies":[{"embeddable":true,"href":"https:\/\/alcierrenoticias.com\/index.php\/wp-json\/wp\/v2\/comments?post=14464"}],"version-history":[{"count":2,"href":"https:\/\/alcierrenoticias.com\/index.php\/wp-json\/wp\/v2\/posts\/14464\/revisions"}],"predecessor-version":[{"id":14467,"href":"https:\/\/alcierrenoticias.com\/index.php\/wp-json\/wp\/v2\/posts\/14464\/revisions\/14467"}],"wp:featuredmedia":[{"embeddable":true,"href":"https:\/\/alcierrenoticias.com\/index.php\/wp-json\/wp\/v2\/media\/14465"}],"wp:attachment":[{"href":"https:\/\/alcierrenoticias.com\/index.php\/wp-json\/wp\/v2\/media?parent=14464"}],"wp:term":[{"taxonomy":"category","embeddable":true,"href":"https:\/\/alcierrenoticias.com\/index.php\/wp-json\/wp\/v2\/categories?post=14464"},{"taxonomy":"post_tag","embeddable":true,"href":"https:\/\/alcierrenoticias.com\/index.php\/wp-json\/wp\/v2\/tags?post=14464"}],"curies":[{"name":"wp","href":"https:\/\/api.w.org\/{rel}","templated":true}]}}