{"id":14427,"date":"2025-04-24T13:52:08","date_gmt":"2025-04-24T19:52:08","guid":{"rendered":"https:\/\/alcierrenoticias.com\/?p=14427"},"modified":"2025-05-22T11:04:23","modified_gmt":"2025-05-22T17:04:23","slug":"entrega-jorge-aldana-certificaciones-a-jovenes-del-cbtis-143-primer-grupo-capacitado-por-cenaltec-camargo","status":"publish","type":"post","link":"https:\/\/alcierrenoticias.com\/index.php\/2025\/04\/24\/entrega-jorge-aldana-certificaciones-a-jovenes-del-cbtis-143-primer-grupo-capacitado-por-cenaltec-camargo\/","title":{"rendered":"Entrega Jorge Aldana certificaciones a j\u00f3venes del CBTIs 143, primer grupo capacitado por CENALTEC Camargo."},"content":{"rendered":"<p><img data-recalc-dims=\"1\" fetchpriority=\"high\" decoding=\"async\" class=\"alignnone size-full wp-image-15020 aligncenter\" src=\"https:\/\/i0.wp.com\/alcierrenoticias.com\/wp-content\/uploads\/2025\/05\/01.-295x200-1.gif?resize=295%2C200&#038;ssl=1\" alt=\"\" width=\"295\" height=\"200\" \/><\/p>\n<p>&nbsp;<\/p>\n<p>Con gran entusiasmo y orgullo, se llev\u00f3 a cabo la entrega de constancias al primer grupo de estudiantes del CBTis 143 que concluyeron su proceso de certificaci\u00f3n en competencias t\u00e9cnicas, impartido por el Centro de Entrenamiento en Alta Tecnolog\u00eda (CENALTEC) sede Camargo.<\/p>\n<p>Esta certificaci\u00f3n es resultado del trabajo conjunto entre el Gobierno del Estado, el Gobierno Municipal, CENALTEC y el CBTis 143, con el objetivo de fortalecer las habilidades laborales de las y los j\u00f3venes camarguenses, prepar\u00e1ndolos para enfrentar los retos del sector productivo con mayores herramientas y oportunidades.<\/p>\n<p>La capacitaci\u00f3n se enfoc\u00f3 en \u00e1reas t\u00e9cnicas estrat\u00e9gicas, brindando a los estudiantes conocimientos pr\u00e1cticos que podr\u00e1n aplicar tanto en su futuro acad\u00e9mico como profesional.<\/p>\n<p>El presidente municipal Jorge Aldana expres\u00f3:<br \/>\n&#8220;Ver a nuestros j\u00f3venes aprovechar esta oportunidad y concluir su certificaci\u00f3n con \u00e9xito es una muestra de lo mucho que podemos lograr trabajando en equipo. Agradezco al Gobierno del Estado por impulsar estos programas que s\u00ed hacen la diferencia. Estoy seguro de que este es solo el comienzo, y seguiremos fortaleciendo la capacitaci\u00f3n t\u00e9cnica en Camargo para abrir m\u00e1s puertas a nuestras juventudes.&#8221;<\/p>\n","protected":false},"excerpt":{"rendered":"<p>&nbsp; Con gran entusiasmo y orgullo, se llev\u00f3 a cabo la entrega de constancias al primer grupo de estudiantes del CBTis 143 que concluyeron su proceso de certificaci\u00f3n en competencias t\u00e9cnicas, impartido por el Centro de Entrenamiento en Alta Tecnolog\u00eda (CENALTEC) sede Camargo. Esta certificaci\u00f3n es resultado del trabajo conjunto entre el Gobierno del Estado, el Gobierno Municipal, CENALTEC y el CBTis 143, con el objetivo de fortalecer las habilidades laborales de las y los j\u00f3venes camarguenses, prepar\u00e1ndolos para enfrentar los retos del sector productivo con mayores herramientas y oportunidades. La capacitaci\u00f3n se enfoc\u00f3 en \u00e1reas t\u00e9cnicas estrat\u00e9gicas, brindando a los estudiantes conocimientos pr\u00e1cticos que podr\u00e1n aplicar tanto en su futuro acad\u00e9mico como profesional. El presidente municipal Jorge Aldana expres\u00f3: &#8220;Ver a nuestros j\u00f3venes aprovechar esta oportunidad y concluir su certificaci\u00f3n con \u00e9xito es una muestra de lo mucho que podemos lograr trabajando en equipo. Agradezco al Gobierno del Estado por impulsar estos programas que s\u00ed hacen la diferencia. Estoy seguro de que este es solo el comienzo, y seguiremos fortaleciendo la capacitaci\u00f3n t\u00e9cnica en Camargo para abrir m\u00e1s puertas a nuestras juventudes.&#8221;<\/p>\n","protected":false},"author":2,"featured_media":14429,"comment_status":"open","ping_status":"open","sticky":false,"template":"","format":"standard","meta":{"_monsterinsights_skip_tracking":false,"_monsterinsights_sitenote_active":false,"_monsterinsights_sitenote_note":"","_monsterinsights_sitenote_category":0,"advanced_seo_description":"","jetpack_seo_html_title":"","jetpack_seo_noindex":false,"_jetpack_memberships_contains_paid_content":false,"footnotes":"","jetpack_publicize_message":"","jetpack_publicize_feature_enabled":true,"jetpack_social_post_already_shared":true,"jetpack_social_options":{"image_generator_settings":{"template":"highway","enabled":false},"version":2}},"categories":[8,135,11],"tags":[],"class_list":["post-14427","post","type-post","status-publish","format-standard","has-post-thumbnail","hentry","category-estado","category-lo-mas-leido","category-principal"],"jetpack_publicize_connections":[],"jetpack_sharing_enabled":true,"jetpack_featured_media_url":"https:\/\/i0.wp.com\/alcierrenoticias.com\/wp-content\/uploads\/2025\/04\/WhatsApp-Image-2025-04-24-at-1.48.29-PM.jpeg?fit=1600%2C1066&ssl=1","amp_enabled":true,"_links":{"self":[{"href":"https:\/\/alcierrenoticias.com\/index.php\/wp-json\/wp\/v2\/posts\/14427","targetHints":{"allow":["GET"]}}],"collection":[{"href":"https:\/\/alcierrenoticias.com\/index.php\/wp-json\/wp\/v2\/posts"}],"about":[{"href":"https:\/\/alcierrenoticias.com\/index.php\/wp-json\/wp\/v2\/types\/post"}],"author":[{"embeddable":true,"href":"https:\/\/alcierrenoticias.com\/index.php\/wp-json\/wp\/v2\/users\/2"}],"replies":[{"embeddable":true,"href":"https:\/\/alcierrenoticias.com\/index.php\/wp-json\/wp\/v2\/comments?post=14427"}],"version-history":[{"count":2,"href":"https:\/\/alcierrenoticias.com\/index.php\/wp-json\/wp\/v2\/posts\/14427\/revisions"}],"predecessor-version":[{"id":15029,"href":"https:\/\/alcierrenoticias.com\/index.php\/wp-json\/wp\/v2\/posts\/14427\/revisions\/15029"}],"wp:featuredmedia":[{"embeddable":true,"href":"https:\/\/alcierrenoticias.com\/index.php\/wp-json\/wp\/v2\/media\/14429"}],"wp:attachment":[{"href":"https:\/\/alcierrenoticias.com\/index.php\/wp-json\/wp\/v2\/media?parent=14427"}],"wp:term":[{"taxonomy":"category","embeddable":true,"href":"https:\/\/alcierrenoticias.com\/index.php\/wp-json\/wp\/v2\/categories?post=14427"},{"taxonomy":"post_tag","embeddable":true,"href":"https:\/\/alcierrenoticias.com\/index.php\/wp-json\/wp\/v2\/tags?post=14427"}],"curies":[{"name":"wp","href":"https:\/\/api.w.org\/{rel}","templated":true}]}}