{"id":14419,"date":"2025-04-24T13:00:01","date_gmt":"2025-04-24T19:00:01","guid":{"rendered":"https:\/\/alcierrenoticias.com\/?p=14419"},"modified":"2025-04-24T15:17:12","modified_gmt":"2025-04-24T21:17:12","slug":"presentan-libro-espejos-del-alma-como-parte-del-92-aniversario-de-delicias","status":"publish","type":"post","link":"https:\/\/alcierrenoticias.com\/index.php\/2025\/04\/24\/presentan-libro-espejos-del-alma-como-parte-del-92-aniversario-de-delicias\/","title":{"rendered":"Presentan libro \u201cEspejos del Alma\u201d como parte del 92 aniversario de Delicias."},"content":{"rendered":"<p>En el marco del 92 aniversario de la fundaci\u00f3n de Delicias y como parte del Festival de la Fundaci\u00f3n, se llev\u00f3 a cabo la presentaci\u00f3n del libro Espejos del Alma, de la autora Lilia Molina Fern\u00e1ndez. El evento se realiz\u00f3 este mi\u00e9rcoles 23 de abril en el Centro Cultural, coincidiendo con la celebraci\u00f3n del D\u00eda del Libro.<\/p>\n<p>El coordinador de Cultura en Delicias, Mario Guill\u00e9n Porras, destac\u00f3 la importancia de fomentar la lectura a trav\u00e9s de actividades que promuevan el talento local y el acercamiento de la comunidad con la literatura. \u201cEventos como este reafirman el compromiso del Gobierno Municipal que encabeza el alcalde Jes\u00fas Valenciano con el arte y la cultura como ejes fundamentales del desarrollo social\u201d, coment\u00f3.<\/p>\n<p>Durante la presentaci\u00f3n, la autora comparti\u00f3 con los asistentes fragmentos de su obra, as\u00ed como algunas reflexiones sobre el proceso creativo que dio vida a Espejos del Alma, una recopilaci\u00f3n de textos que exploran la sensibilidad humana desde una perspectiva introspectiva y po\u00e9tica.<\/p>\n<p>Con esta presentaci\u00f3n, el Gobierno Municipal de Delicias contin\u00faa fortaleciendo la agenda cultural del municipio, haciendo part\u00edcipes a los ciudadanos en la celebraci\u00f3n de sus ra\u00edces y en la promoci\u00f3n de los valores art\u00edsticos que enriquecen el alma de la comunidad.<\/p>\n","protected":false},"excerpt":{"rendered":"<p>En el marco del 92 aniversario de la fundaci\u00f3n de Delicias y como parte del Festival de la Fundaci\u00f3n, se llev\u00f3 a cabo la presentaci\u00f3n del libro Espejos del Alma, de la autora Lilia Molina Fern\u00e1ndez. El evento se realiz\u00f3 este mi\u00e9rcoles 23 de abril en el Centro Cultural, coincidiendo con la celebraci\u00f3n del D\u00eda del Libro. El coordinador de Cultura en Delicias, Mario Guill\u00e9n Porras, destac\u00f3 la importancia de fomentar la lectura a trav\u00e9s de actividades que promuevan el talento local y el acercamiento de la comunidad con la literatura. \u201cEventos como este reafirman el compromiso del Gobierno Municipal que encabeza el alcalde Jes\u00fas Valenciano con el arte y la cultura como ejes fundamentales del desarrollo social\u201d, coment\u00f3. Durante la presentaci\u00f3n, la autora comparti\u00f3 con los asistentes fragmentos de su obra, as\u00ed como algunas reflexiones sobre el proceso creativo que dio vida a Espejos del Alma, una recopilaci\u00f3n de textos que exploran la sensibilidad humana desde una perspectiva introspectiva y po\u00e9tica. Con esta presentaci\u00f3n, el Gobierno Municipal de Delicias contin\u00faa fortaleciendo la agenda cultural del municipio, haciendo part\u00edcipes a los ciudadanos en la celebraci\u00f3n de sus ra\u00edces y en la promoci\u00f3n de los valores art\u00edsticos que enriquecen el alma de la comunidad.<\/p>\n","protected":false},"author":2,"featured_media":14420,"comment_status":"open","ping_status":"open","sticky":false,"template":"","format":"standard","meta":{"_monsterinsights_skip_tracking":false,"_monsterinsights_sitenote_active":false,"_monsterinsights_sitenote_note":"","_monsterinsights_sitenote_category":0,"advanced_seo_description":"","jetpack_seo_html_title":"","jetpack_seo_noindex":false,"_jetpack_memberships_contains_paid_content":false,"footnotes":"","jetpack_publicize_message":"","jetpack_publicize_feature_enabled":true,"jetpack_social_post_already_shared":true,"jetpack_social_options":{"image_generator_settings":{"template":"highway","enabled":false},"version":2}},"categories":[135,7,11],"tags":[],"class_list":["post-14419","post","type-post","status-publish","format-standard","has-post-thumbnail","hentry","category-lo-mas-leido","category-local","category-principal"],"jetpack_publicize_connections":[],"jetpack_sharing_enabled":true,"jetpack_featured_media_url":"https:\/\/i0.wp.com\/alcierrenoticias.com\/wp-content\/uploads\/2025\/04\/WhatsApp-Image-2025-04-24-at-12.58.19-PM.jpeg?fit=1600%2C1066&ssl=1","amp_enabled":true,"_links":{"self":[{"href":"https:\/\/alcierrenoticias.com\/index.php\/wp-json\/wp\/v2\/posts\/14419","targetHints":{"allow":["GET"]}}],"collection":[{"href":"https:\/\/alcierrenoticias.com\/index.php\/wp-json\/wp\/v2\/posts"}],"about":[{"href":"https:\/\/alcierrenoticias.com\/index.php\/wp-json\/wp\/v2\/types\/post"}],"author":[{"embeddable":true,"href":"https:\/\/alcierrenoticias.com\/index.php\/wp-json\/wp\/v2\/users\/2"}],"replies":[{"embeddable":true,"href":"https:\/\/alcierrenoticias.com\/index.php\/wp-json\/wp\/v2\/comments?post=14419"}],"version-history":[{"count":2,"href":"https:\/\/alcierrenoticias.com\/index.php\/wp-json\/wp\/v2\/posts\/14419\/revisions"}],"predecessor-version":[{"id":14422,"href":"https:\/\/alcierrenoticias.com\/index.php\/wp-json\/wp\/v2\/posts\/14419\/revisions\/14422"}],"wp:featuredmedia":[{"embeddable":true,"href":"https:\/\/alcierrenoticias.com\/index.php\/wp-json\/wp\/v2\/media\/14420"}],"wp:attachment":[{"href":"https:\/\/alcierrenoticias.com\/index.php\/wp-json\/wp\/v2\/media?parent=14419"}],"wp:term":[{"taxonomy":"category","embeddable":true,"href":"https:\/\/alcierrenoticias.com\/index.php\/wp-json\/wp\/v2\/categories?post=14419"},{"taxonomy":"post_tag","embeddable":true,"href":"https:\/\/alcierrenoticias.com\/index.php\/wp-json\/wp\/v2\/tags?post=14419"}],"curies":[{"name":"wp","href":"https:\/\/api.w.org\/{rel}","templated":true}]}}