{"id":14395,"date":"2025-04-23T14:00:55","date_gmt":"2025-04-23T20:00:55","guid":{"rendered":"https:\/\/alcierrenoticias.com\/?p=14395"},"modified":"2025-04-24T14:57:16","modified_gmt":"2025-04-24T20:57:16","slug":"gobierno-municipal-invita-a-participar-en-convocatoria-de-semilla-de-avena-y-pradera-lanzada-por-gobierno-del-estado","status":"publish","type":"post","link":"https:\/\/alcierrenoticias.com\/index.php\/2025\/04\/23\/gobierno-municipal-invita-a-participar-en-convocatoria-de-semilla-de-avena-y-pradera-lanzada-por-gobierno-del-estado\/","title":{"rendered":"Gobierno municipal invita a participar en convocatoria de semilla de avena y pradera lanzada por gobierno del estado."},"content":{"rendered":"<p>El Gobierno Municipal, a trav\u00e9s de la Secretar\u00eda de Desarrollo Rural y la Direcci\u00f3n Municipal de Desarrollo Rural, invita a los productores agr\u00edcolas de la regi\u00f3n a sumarse a esta iniciativa destinada al apoyo de la agricultura camarguense en la forma de semilla de avena y de pradera.<\/p>\n<p>REQUISITOS:<\/p>\n<p>&#8211; Copia de identificaci\u00f3n oficial vigente<br \/>\n&#8211; Copia de CURP<br \/>\n&#8211; Copia de comprobante de domicilio (no mayor a 6 meses de antig\u00fcedad)<br \/>\n&#8211; Copia del documento que acredite la propiedad (escrituras, pago de predial, t\u00edtulo de propiedad certificado parcelario)<\/p>\n<p>Los interesados tendr\u00e1n como fecha l\u00edmite el 31 de Julio del presente a\u00f1o para inscribirse en las oficinas de Desarrollo Rural, ubicadas en la Biblioteca G\u00f3mez Mor\u00edn (Calle Carranza y Doblado), en un horario de 9:00 AM a 3:00 PM, de Lunes a Viernes.<\/p>\n","protected":false},"excerpt":{"rendered":"<p>El Gobierno Municipal, a trav\u00e9s de la Secretar\u00eda de Desarrollo Rural y la Direcci\u00f3n Municipal de Desarrollo Rural, invita a los productores agr\u00edcolas de la regi\u00f3n a sumarse a esta iniciativa destinada al apoyo de la agricultura camarguense en la forma de semilla de avena y de pradera. REQUISITOS: &#8211; Copia de identificaci\u00f3n oficial vigente &#8211; Copia de CURP &#8211; Copia de comprobante de domicilio (no mayor a 6 meses de antig\u00fcedad) &#8211; Copia del documento que acredite la propiedad (escrituras, pago de predial, t\u00edtulo de propiedad certificado parcelario) Los interesados tendr\u00e1n como fecha l\u00edmite el 31 de Julio del presente a\u00f1o para inscribirse en las oficinas de Desarrollo Rural, ubicadas en la Biblioteca G\u00f3mez Mor\u00edn (Calle Carranza y Doblado), en un horario de 9:00 AM a 3:00 PM, de Lunes a Viernes.<\/p>\n","protected":false},"author":2,"featured_media":14396,"comment_status":"open","ping_status":"open","sticky":false,"template":"","format":"standard","meta":{"_monsterinsights_skip_tracking":false,"_monsterinsights_sitenote_active":false,"_monsterinsights_sitenote_note":"","_monsterinsights_sitenote_category":0,"advanced_seo_description":"","jetpack_seo_html_title":"","jetpack_seo_noindex":false,"_jetpack_memberships_contains_paid_content":false,"footnotes":"","jetpack_publicize_message":"","jetpack_publicize_feature_enabled":true,"jetpack_social_post_already_shared":true,"jetpack_social_options":{"image_generator_settings":{"template":"highway","enabled":false},"version":2}},"categories":[8,135,11],"tags":[],"class_list":["post-14395","post","type-post","status-publish","format-standard","has-post-thumbnail","hentry","category-estado","category-lo-mas-leido","category-principal"],"jetpack_publicize_connections":[],"jetpack_sharing_enabled":true,"jetpack_featured_media_url":"https:\/\/i0.wp.com\/alcierrenoticias.com\/wp-content\/uploads\/2025\/04\/WhatsApp-Image-2025-04-23-at-1.55.58-PM-e1745528210835.jpeg?fit=400%2C500&ssl=1","amp_enabled":true,"_links":{"self":[{"href":"https:\/\/alcierrenoticias.com\/index.php\/wp-json\/wp\/v2\/posts\/14395","targetHints":{"allow":["GET"]}}],"collection":[{"href":"https:\/\/alcierrenoticias.com\/index.php\/wp-json\/wp\/v2\/posts"}],"about":[{"href":"https:\/\/alcierrenoticias.com\/index.php\/wp-json\/wp\/v2\/types\/post"}],"author":[{"embeddable":true,"href":"https:\/\/alcierrenoticias.com\/index.php\/wp-json\/wp\/v2\/users\/2"}],"replies":[{"embeddable":true,"href":"https:\/\/alcierrenoticias.com\/index.php\/wp-json\/wp\/v2\/comments?post=14395"}],"version-history":[{"count":1,"href":"https:\/\/alcierrenoticias.com\/index.php\/wp-json\/wp\/v2\/posts\/14395\/revisions"}],"predecessor-version":[{"id":14397,"href":"https:\/\/alcierrenoticias.com\/index.php\/wp-json\/wp\/v2\/posts\/14395\/revisions\/14397"}],"wp:featuredmedia":[{"embeddable":true,"href":"https:\/\/alcierrenoticias.com\/index.php\/wp-json\/wp\/v2\/media\/14396"}],"wp:attachment":[{"href":"https:\/\/alcierrenoticias.com\/index.php\/wp-json\/wp\/v2\/media?parent=14395"}],"wp:term":[{"taxonomy":"category","embeddable":true,"href":"https:\/\/alcierrenoticias.com\/index.php\/wp-json\/wp\/v2\/categories?post=14395"},{"taxonomy":"post_tag","embeddable":true,"href":"https:\/\/alcierrenoticias.com\/index.php\/wp-json\/wp\/v2\/tags?post=14395"}],"curies":[{"name":"wp","href":"https:\/\/api.w.org\/{rel}","templated":true}]}}