{"id":14383,"date":"2025-04-23T11:45:42","date_gmt":"2025-04-23T17:45:42","guid":{"rendered":"https:\/\/alcierrenoticias.com\/?p=14383"},"modified":"2025-04-24T14:48:50","modified_gmt":"2025-04-24T20:48:50","slug":"invita-alma-limas-a-sumarse-a-la-bicicleteada-de-la-fundacion-este-domingo","status":"publish","type":"post","link":"https:\/\/alcierrenoticias.com\/index.php\/2025\/04\/23\/invita-alma-limas-a-sumarse-a-la-bicicleteada-de-la-fundacion-este-domingo\/","title":{"rendered":"Invita Alma Limas a sumarse a la Bicicleteada de la Fundaci\u00f3n este domingo."},"content":{"rendered":"<p>En el marco del 92 aniversario de la ciudad, la presidenta del DIF Municipal, Alma Limas de Valenciano, invit\u00f3 a las familias de Delicias a participar este domingo 27 de abril en la Bicicleteada de la Fundaci\u00f3n, una actividad deportiva y recreativa pensada para convivir en familia. La salida ser\u00e1 a las 10:30 de la ma\u00f1ana desde la Plaza 80 Aniversario y concluir\u00e1 en Ciudad Infantil, sede del festejo por el D\u00eda del Ni\u00f1o.<\/p>\n<p>\u201cQueremos ver a las familias unidas, activas y celebrando. Este recorrido no solo es para ciclistas; tambi\u00e9n pueden sumarse trotando, caminando o corriendo. Lo importante es participar y disfrutar juntos esta gran fiesta\u201d, expres\u00f3 Alma Limas, quien agradeci\u00f3 el apoyo del club de ciclismo \u201cImparables\u201d y al arquitecto organizador por hacer posible esta ruta.<\/p>\n<p>La actividad recorrer\u00e1 la calle 5\u00aa Sur y tendr\u00e1 como meta la Ciudad Infantil, donde se llevar\u00e1 a cabo un gran festejo con m\u00e1s de mil regalos para los primeros ni\u00f1os en llegar, adem\u00e1s de juegos, show de payasas y muchas sorpresas m\u00e1s.<\/p>\n<p>\u201cEs un d\u00eda para nuestros ni\u00f1os, para reconocer su alegr\u00eda y su energ\u00eda. Nos emociona ver c\u00f3mo las familias se suman a este tipo de eventos donde el deporte, la uni\u00f3n y el cari\u00f1o por Delicias se hacen presentes\u201d, a\u00f1adi\u00f3 la presidenta del DIF.<\/p>\n<p>El Gobierno Municipal, a trav\u00e9s del DIF y como parte del Festival de la Fundaci\u00f3n, reafirma su compromiso con las familias y la promoci\u00f3n de la actividad f\u00edsica.<\/p>\n","protected":false},"excerpt":{"rendered":"<p>En el marco del 92 aniversario de la ciudad, la presidenta del DIF Municipal, Alma Limas de Valenciano, invit\u00f3 a las familias de Delicias a participar este domingo 27 de abril en la Bicicleteada de la Fundaci\u00f3n, una actividad deportiva y recreativa pensada para convivir en familia. La salida ser\u00e1 a las 10:30 de la ma\u00f1ana desde la Plaza 80 Aniversario y concluir\u00e1 en Ciudad Infantil, sede del festejo por el D\u00eda del Ni\u00f1o. \u201cQueremos ver a las familias unidas, activas y celebrando. Este recorrido no solo es para ciclistas; tambi\u00e9n pueden sumarse trotando, caminando o corriendo. Lo importante es participar y disfrutar juntos esta gran fiesta\u201d, expres\u00f3 Alma Limas, quien agradeci\u00f3 el apoyo del club de ciclismo \u201cImparables\u201d y al arquitecto organizador por hacer posible esta ruta. La actividad recorrer\u00e1 la calle 5\u00aa Sur y tendr\u00e1 como meta la Ciudad Infantil, donde se llevar\u00e1 a cabo un gran festejo con m\u00e1s de mil regalos para los primeros ni\u00f1os en llegar, adem\u00e1s de juegos, show de payasas y muchas sorpresas m\u00e1s. \u201cEs un d\u00eda para nuestros ni\u00f1os, para reconocer su alegr\u00eda y su energ\u00eda. Nos emociona ver c\u00f3mo las familias se suman a este tipo de eventos donde el deporte, la uni\u00f3n y el cari\u00f1o por Delicias se hacen presentes\u201d, a\u00f1adi\u00f3 la presidenta del DIF. El Gobierno Municipal, a trav\u00e9s del DIF y como parte del Festival de la Fundaci\u00f3n, reafirma su compromiso con las familias y la promoci\u00f3n de la actividad f\u00edsica.<\/p>\n","protected":false},"author":2,"featured_media":14384,"comment_status":"open","ping_status":"open","sticky":false,"template":"","format":"standard","meta":{"_monsterinsights_skip_tracking":false,"_monsterinsights_sitenote_active":false,"_monsterinsights_sitenote_note":"","_monsterinsights_sitenote_category":0,"advanced_seo_description":"","jetpack_seo_html_title":"","jetpack_seo_noindex":false,"_jetpack_memberships_contains_paid_content":false,"footnotes":"","jetpack_publicize_message":"","jetpack_publicize_feature_enabled":true,"jetpack_social_post_already_shared":true,"jetpack_social_options":{"image_generator_settings":{"template":"highway","enabled":false},"version":2}},"categories":[135,7,11],"tags":[],"class_list":["post-14383","post","type-post","status-publish","format-standard","has-post-thumbnail","hentry","category-lo-mas-leido","category-local","category-principal"],"jetpack_publicize_connections":[],"jetpack_sharing_enabled":true,"jetpack_featured_media_url":"https:\/\/i0.wp.com\/alcierrenoticias.com\/wp-content\/uploads\/2025\/04\/WhatsApp-Image-2025-04-23-at-11.42.23-AM.jpeg?fit=2376%2C1584&ssl=1","amp_enabled":true,"_links":{"self":[{"href":"https:\/\/alcierrenoticias.com\/index.php\/wp-json\/wp\/v2\/posts\/14383","targetHints":{"allow":["GET"]}}],"collection":[{"href":"https:\/\/alcierrenoticias.com\/index.php\/wp-json\/wp\/v2\/posts"}],"about":[{"href":"https:\/\/alcierrenoticias.com\/index.php\/wp-json\/wp\/v2\/types\/post"}],"author":[{"embeddable":true,"href":"https:\/\/alcierrenoticias.com\/index.php\/wp-json\/wp\/v2\/users\/2"}],"replies":[{"embeddable":true,"href":"https:\/\/alcierrenoticias.com\/index.php\/wp-json\/wp\/v2\/comments?post=14383"}],"version-history":[{"count":2,"href":"https:\/\/alcierrenoticias.com\/index.php\/wp-json\/wp\/v2\/posts\/14383\/revisions"}],"predecessor-version":[{"id":14386,"href":"https:\/\/alcierrenoticias.com\/index.php\/wp-json\/wp\/v2\/posts\/14383\/revisions\/14386"}],"wp:featuredmedia":[{"embeddable":true,"href":"https:\/\/alcierrenoticias.com\/index.php\/wp-json\/wp\/v2\/media\/14384"}],"wp:attachment":[{"href":"https:\/\/alcierrenoticias.com\/index.php\/wp-json\/wp\/v2\/media?parent=14383"}],"wp:term":[{"taxonomy":"category","embeddable":true,"href":"https:\/\/alcierrenoticias.com\/index.php\/wp-json\/wp\/v2\/categories?post=14383"},{"taxonomy":"post_tag","embeddable":true,"href":"https:\/\/alcierrenoticias.com\/index.php\/wp-json\/wp\/v2\/tags?post=14383"}],"curies":[{"name":"wp","href":"https:\/\/api.w.org\/{rel}","templated":true}]}}