{"id":14372,"date":"2025-04-23T12:08:48","date_gmt":"2025-04-23T18:08:48","guid":{"rendered":"https:\/\/alcierrenoticias.com\/?p=14372"},"modified":"2025-04-23T12:08:48","modified_gmt":"2025-04-23T18:08:48","slug":"abren-boveda-del-tiempo-como-parte-de-los-festejos-del-92-aniversario-de-delicias","status":"publish","type":"post","link":"https:\/\/alcierrenoticias.com\/index.php\/2025\/04\/23\/abren-boveda-del-tiempo-como-parte-de-los-festejos-del-92-aniversario-de-delicias\/","title":{"rendered":"Abren b\u00f3veda del tiempo como parte de los festejos del 92 aniversario de Delicias"},"content":{"rendered":"<p>&nbsp;<\/p>\n<p>Como parte de los festejos por el 92 aniversario de la Fundaci\u00f3n de Delicias, la tarde del martes se llev\u00f3 a cabo la apertura de la b\u00f3veda del tiempo, sellada hace 26 a\u00f1os por un grupo de comunicadores locales en la Plaza Benito Ju\u00e1rez.<\/p>\n<p>&nbsp;<\/p>\n<p><img data-recalc-dims=\"1\" fetchpriority=\"high\" decoding=\"async\" class=\"alignnone size-medium wp-image-14373\" src=\"https:\/\/i0.wp.com\/alcierrenoticias.com\/wp-content\/uploads\/2025\/04\/1.jpeg?resize=300%2C200&#038;ssl=1\" alt=\"\" width=\"300\" height=\"200\" srcset=\"https:\/\/i0.wp.com\/alcierrenoticias.com\/wp-content\/uploads\/2025\/04\/1-scaled.jpeg?resize=300%2C200&amp;ssl=1 300w, https:\/\/i0.wp.com\/alcierrenoticias.com\/wp-content\/uploads\/2025\/04\/1-scaled.jpeg?resize=1024%2C683&amp;ssl=1 1024w, https:\/\/i0.wp.com\/alcierrenoticias.com\/wp-content\/uploads\/2025\/04\/1-scaled.jpeg?resize=768%2C512&amp;ssl=1 768w, https:\/\/i0.wp.com\/alcierrenoticias.com\/wp-content\/uploads\/2025\/04\/1-scaled.jpeg?resize=1536%2C1024&amp;ssl=1 1536w, https:\/\/i0.wp.com\/alcierrenoticias.com\/wp-content\/uploads\/2025\/04\/1-scaled.jpeg?resize=2048%2C1365&amp;ssl=1 2048w, https:\/\/i0.wp.com\/alcierrenoticias.com\/wp-content\/uploads\/2025\/04\/1-scaled.jpeg?w=2250&amp;ssl=1 2250w\" sizes=\"(max-width: 300px) 100vw, 300px\" \/><\/p>\n<p>Previo a la apertura, el alcalde Jes\u00fas Valenciano Garc\u00eda anunci\u00f3 que se habilitar\u00e1 un centro de acopio en la Presidencia Municipal para reunir nuevos recuerdos que ser\u00e1n guardados nuevamente en la b\u00f3veda. Esta ser\u00e1 sellada el pr\u00f3ximo lunes y se abrir\u00e1 dentro de ocho a\u00f1os, cuando Delicias celebre su centenario.<\/p>\n<p><img data-recalc-dims=\"1\" decoding=\"async\" class=\"alignnone size-medium wp-image-14374\" src=\"https:\/\/i0.wp.com\/alcierrenoticias.com\/wp-content\/uploads\/2025\/04\/2.jpeg?resize=300%2C200&#038;ssl=1\" alt=\"\" width=\"300\" height=\"200\" srcset=\"https:\/\/i0.wp.com\/alcierrenoticias.com\/wp-content\/uploads\/2025\/04\/2-scaled.jpeg?resize=300%2C200&amp;ssl=1 300w, https:\/\/i0.wp.com\/alcierrenoticias.com\/wp-content\/uploads\/2025\/04\/2-scaled.jpeg?resize=1024%2C683&amp;ssl=1 1024w, https:\/\/i0.wp.com\/alcierrenoticias.com\/wp-content\/uploads\/2025\/04\/2-scaled.jpeg?resize=768%2C512&amp;ssl=1 768w, https:\/\/i0.wp.com\/alcierrenoticias.com\/wp-content\/uploads\/2025\/04\/2-scaled.jpeg?resize=1536%2C1024&amp;ssl=1 1536w, https:\/\/i0.wp.com\/alcierrenoticias.com\/wp-content\/uploads\/2025\/04\/2-scaled.jpeg?resize=2048%2C1365&amp;ssl=1 2048w, https:\/\/i0.wp.com\/alcierrenoticias.com\/wp-content\/uploads\/2025\/04\/2-scaled.jpeg?w=2250&amp;ssl=1 2250w\" sizes=\"(max-width: 300px) 100vw, 300px\" \/><\/p>\n<p>El comunicador Jes\u00fas Jos\u00e9 Mel\u00e9ndez Hermosillo, acompa\u00f1ado del profesor Jos\u00e9 Trejo, comparti\u00f3 con los asistentes la historia detr\u00e1s de\u2026<\/p>\n","protected":false},"excerpt":{"rendered":"<p>&nbsp; Como parte de los festejos por el 92 aniversario de la Fundaci\u00f3n de Delicias, la tarde del martes se llev\u00f3 a cabo la apertura de la b\u00f3veda del tiempo, sellada hace 26 a\u00f1os por un grupo de comunicadores locales en la Plaza Benito Ju\u00e1rez. &nbsp; Previo a la apertura, el alcalde Jes\u00fas Valenciano Garc\u00eda anunci\u00f3 que se habilitar\u00e1 un centro de acopio en la Presidencia Municipal para reunir nuevos recuerdos que ser\u00e1n guardados nuevamente en la b\u00f3veda. Esta ser\u00e1 sellada el pr\u00f3ximo lunes y se abrir\u00e1 dentro de ocho a\u00f1os, cuando Delicias celebre su centenario. El comunicador Jes\u00fas Jos\u00e9 Mel\u00e9ndez Hermosillo, acompa\u00f1ado del profesor Jos\u00e9 Trejo, comparti\u00f3 con los asistentes la historia detr\u00e1s de\u2026<\/p>\n","protected":false},"author":2,"featured_media":14376,"comment_status":"open","ping_status":"open","sticky":false,"template":"","format":"standard","meta":{"_monsterinsights_skip_tracking":false,"_monsterinsights_sitenote_active":false,"_monsterinsights_sitenote_note":"","_monsterinsights_sitenote_category":0,"advanced_seo_description":"","jetpack_seo_html_title":"","jetpack_seo_noindex":false,"_jetpack_memberships_contains_paid_content":false,"footnotes":"","jetpack_publicize_message":"","jetpack_publicize_feature_enabled":true,"jetpack_social_post_already_shared":true,"jetpack_social_options":{"image_generator_settings":{"template":"highway","enabled":false},"version":2}},"categories":[135,7,11],"tags":[],"class_list":["post-14372","post","type-post","status-publish","format-standard","has-post-thumbnail","hentry","category-lo-mas-leido","category-local","category-principal"],"jetpack_publicize_connections":[],"jetpack_sharing_enabled":true,"jetpack_featured_media_url":"https:\/\/i0.wp.com\/alcierrenoticias.com\/wp-content\/uploads\/2025\/04\/WhatsApp-Image-2025-04-23-at-11.42.23.jpeg?fit=2119%2C1413&ssl=1","amp_enabled":true,"_links":{"self":[{"href":"https:\/\/alcierrenoticias.com\/index.php\/wp-json\/wp\/v2\/posts\/14372","targetHints":{"allow":["GET"]}}],"collection":[{"href":"https:\/\/alcierrenoticias.com\/index.php\/wp-json\/wp\/v2\/posts"}],"about":[{"href":"https:\/\/alcierrenoticias.com\/index.php\/wp-json\/wp\/v2\/types\/post"}],"author":[{"embeddable":true,"href":"https:\/\/alcierrenoticias.com\/index.php\/wp-json\/wp\/v2\/users\/2"}],"replies":[{"embeddable":true,"href":"https:\/\/alcierrenoticias.com\/index.php\/wp-json\/wp\/v2\/comments?post=14372"}],"version-history":[{"count":1,"href":"https:\/\/alcierrenoticias.com\/index.php\/wp-json\/wp\/v2\/posts\/14372\/revisions"}],"predecessor-version":[{"id":14377,"href":"https:\/\/alcierrenoticias.com\/index.php\/wp-json\/wp\/v2\/posts\/14372\/revisions\/14377"}],"wp:featuredmedia":[{"embeddable":true,"href":"https:\/\/alcierrenoticias.com\/index.php\/wp-json\/wp\/v2\/media\/14376"}],"wp:attachment":[{"href":"https:\/\/alcierrenoticias.com\/index.php\/wp-json\/wp\/v2\/media?parent=14372"}],"wp:term":[{"taxonomy":"category","embeddable":true,"href":"https:\/\/alcierrenoticias.com\/index.php\/wp-json\/wp\/v2\/categories?post=14372"},{"taxonomy":"post_tag","embeddable":true,"href":"https:\/\/alcierrenoticias.com\/index.php\/wp-json\/wp\/v2\/tags?post=14372"}],"curies":[{"name":"wp","href":"https:\/\/api.w.org\/{rel}","templated":true}]}}