{"id":14358,"date":"2025-04-22T16:50:57","date_gmt":"2025-04-22T22:50:57","guid":{"rendered":"https:\/\/alcierrenoticias.com\/?p=14358"},"modified":"2025-04-22T22:32:44","modified_gmt":"2025-04-23T04:32:44","slug":"visitan-ninos-del-campamento-de-semana-santa-de-meoqui-66-batallon-de-infanteria","status":"publish","type":"post","link":"https:\/\/alcierrenoticias.com\/index.php\/2025\/04\/22\/visitan-ninos-del-campamento-de-semana-santa-de-meoqui-66-batallon-de-infanteria\/","title":{"rendered":"Visitan ni\u00f1os del Campamento de Semana Santa de Meoqui 66 Batall\u00f3n de Infanter\u00eda."},"content":{"rendered":"<p>M\u00e1s de 55 ni\u00f1os recorrieron las instalaciones de la mano con el personal del Ejercito Mexicano<\/p>\n<p>En el marco del Campamento de Semana Santa 2025, m\u00e1s de 55 ni\u00f1as y ni\u00f1os del municipio de Meoqui participaron en una visita especial al 66 Batall\u00f3n de Infanter\u00eda, ubicado en la ciudad de Delicias, donde los peque\u00f1os pudieron observar el equipo t\u00e1ctico, conocer las unidades militares, recibir una explicaci\u00f3n sobre las labores que realiza el personal del Ej\u00e9rcito Mexicano, as\u00ed como una exhibici\u00f3n a cargo de \u201cRizada\u201d, una perrita entrenada del grupo canino, que mostr\u00f3 sus habilidades para el salto de obst\u00e1culos, b\u00fasqueda de objetos y convivencia con los soldados.<\/p>\n<p>Luis Valles, director del DIF Municipal de Meoqui, inform\u00f3 que la visita fue recibida con entusiasmo tanto por los infantes como por los elementos del Batall\u00f3n, quienes ofrecieron una c\u00e1lida bienvenida: \u201cFuimos recibidos de una forma muy especial. Se realizaron honores a la bandera, pasamos revista a los elementos, y luego conocimos el trabajo diario que se realiza aqu\u00ed\u201d, explic\u00f3.<\/p>\n<p>La actividad forma parte del enfoque de innovaci\u00f3n del campamento impulsado por la alcaldesa Miriam Soto: \u201cEstamos cumpliendo con la indicaci\u00f3n de nuestra alcaldesa de innovar en cada edici\u00f3n del campamento, y tambi\u00e9n reconocemos el gran trabajo de todo el equipo del DIF, que ha estado entregado al 100%, trabajando fuera de oficina para brindar esta experiencia\u201d, destac\u00f3.<\/p>\n<p>El director del DIF tambi\u00e9n agradeci\u00f3 la confianza de los padres y madres de familia, y record\u00f3 que el campamento contin\u00faa durante tres d\u00edas m\u00e1s con nuevas actividades dise\u00f1adas para promover la diversi\u00f3n, el aprendizaje y la convivencia durante el periodo vacacional.<\/p>\n","protected":false},"excerpt":{"rendered":"<p>M\u00e1s de 55 ni\u00f1os recorrieron las instalaciones de la mano con el personal del Ejercito Mexicano En el marco del Campamento de Semana Santa 2025, m\u00e1s de 55 ni\u00f1as y ni\u00f1os del municipio de Meoqui participaron en una visita especial al 66 Batall\u00f3n de Infanter\u00eda, ubicado en la ciudad de Delicias, donde los peque\u00f1os pudieron observar el equipo t\u00e1ctico, conocer las unidades militares, recibir una explicaci\u00f3n sobre las labores que realiza el personal del Ej\u00e9rcito Mexicano, as\u00ed como una exhibici\u00f3n a cargo de \u201cRizada\u201d, una perrita entrenada del grupo canino, que mostr\u00f3 sus habilidades para el salto de obst\u00e1culos, b\u00fasqueda de objetos y convivencia con los soldados. Luis Valles, director del DIF Municipal de Meoqui, inform\u00f3 que la visita fue recibida con entusiasmo tanto por los infantes como por los elementos del Batall\u00f3n, quienes ofrecieron una c\u00e1lida bienvenida: \u201cFuimos recibidos de una forma muy especial. Se realizaron honores a la bandera, pasamos revista a los elementos, y luego conocimos el trabajo diario que se realiza aqu\u00ed\u201d, explic\u00f3. La actividad forma parte del enfoque de innovaci\u00f3n del campamento impulsado por la alcaldesa Miriam Soto: \u201cEstamos cumpliendo con la indicaci\u00f3n de nuestra alcaldesa de innovar en cada edici\u00f3n del campamento, y tambi\u00e9n reconocemos el gran trabajo de todo el equipo del DIF, que ha estado entregado al 100%, trabajando fuera de oficina para brindar esta experiencia\u201d, destac\u00f3. El director del DIF tambi\u00e9n agradeci\u00f3 la confianza de los padres y madres de familia, y record\u00f3 que el campamento contin\u00faa durante tres d\u00edas m\u00e1s con nuevas actividades dise\u00f1adas para promover la diversi\u00f3n, el aprendizaje y la convivencia durante el periodo vacacional.<\/p>\n","protected":false},"author":2,"featured_media":14359,"comment_status":"open","ping_status":"open","sticky":false,"template":"","format":"standard","meta":{"_monsterinsights_skip_tracking":false,"_monsterinsights_sitenote_active":false,"_monsterinsights_sitenote_note":"","_monsterinsights_sitenote_category":0,"advanced_seo_description":"","jetpack_seo_html_title":"","jetpack_seo_noindex":false,"_jetpack_memberships_contains_paid_content":false,"footnotes":"","jetpack_publicize_message":"","jetpack_publicize_feature_enabled":true,"jetpack_social_post_already_shared":true,"jetpack_social_options":{"image_generator_settings":{"template":"highway","enabled":false},"version":2}},"categories":[135,7,11],"tags":[],"class_list":["post-14358","post","type-post","status-publish","format-standard","has-post-thumbnail","hentry","category-lo-mas-leido","category-local","category-principal"],"jetpack_publicize_connections":[],"jetpack_sharing_enabled":true,"jetpack_featured_media_url":"https:\/\/i0.wp.com\/alcierrenoticias.com\/wp-content\/uploads\/2025\/04\/WhatsApp-Image-2025-04-22-at-3.35.50-PM.jpeg?fit=1280%2C853&ssl=1","amp_enabled":true,"_links":{"self":[{"href":"https:\/\/alcierrenoticias.com\/index.php\/wp-json\/wp\/v2\/posts\/14358","targetHints":{"allow":["GET"]}}],"collection":[{"href":"https:\/\/alcierrenoticias.com\/index.php\/wp-json\/wp\/v2\/posts"}],"about":[{"href":"https:\/\/alcierrenoticias.com\/index.php\/wp-json\/wp\/v2\/types\/post"}],"author":[{"embeddable":true,"href":"https:\/\/alcierrenoticias.com\/index.php\/wp-json\/wp\/v2\/users\/2"}],"replies":[{"embeddable":true,"href":"https:\/\/alcierrenoticias.com\/index.php\/wp-json\/wp\/v2\/comments?post=14358"}],"version-history":[{"count":2,"href":"https:\/\/alcierrenoticias.com\/index.php\/wp-json\/wp\/v2\/posts\/14358\/revisions"}],"predecessor-version":[{"id":14361,"href":"https:\/\/alcierrenoticias.com\/index.php\/wp-json\/wp\/v2\/posts\/14358\/revisions\/14361"}],"wp:featuredmedia":[{"embeddable":true,"href":"https:\/\/alcierrenoticias.com\/index.php\/wp-json\/wp\/v2\/media\/14359"}],"wp:attachment":[{"href":"https:\/\/alcierrenoticias.com\/index.php\/wp-json\/wp\/v2\/media?parent=14358"}],"wp:term":[{"taxonomy":"category","embeddable":true,"href":"https:\/\/alcierrenoticias.com\/index.php\/wp-json\/wp\/v2\/categories?post=14358"},{"taxonomy":"post_tag","embeddable":true,"href":"https:\/\/alcierrenoticias.com\/index.php\/wp-json\/wp\/v2\/tags?post=14358"}],"curies":[{"name":"wp","href":"https:\/\/api.w.org\/{rel}","templated":true}]}}