{"id":14338,"date":"2025-04-21T15:36:41","date_gmt":"2025-04-21T21:36:41","guid":{"rendered":"https:\/\/alcierrenoticias.com\/?p=14338"},"modified":"2025-04-21T22:17:49","modified_gmt":"2025-04-22T04:17:49","slug":"saldo-blanco-en-semana-santa-en-camargo-resalta-operativo-coordinado-por-todas-las-corporaciones","status":"publish","type":"post","link":"https:\/\/alcierrenoticias.com\/index.php\/2025\/04\/21\/saldo-blanco-en-semana-santa-en-camargo-resalta-operativo-coordinado-por-todas-las-corporaciones\/","title":{"rendered":"Saldo blanco en semana santa en Camargo, resalta operativo coordinado por todas las corporaciones."},"content":{"rendered":"<p>La Direcci\u00f3n de Seguridad P\u00fablica Municipal informa que concluy\u00f3 con \u00e9xito el operativo Semana Santa Segura 2025, registrando saldo blanco durante los d\u00edas de mayor afluencia vehicular y actividad recreativa en la ciudad.<\/p>\n<p>El resultado positivo fue posible gracias al trabajo conjunto entre las distintas corporaciones de seguridad y auxilio, incluyendo la Polic\u00eda Municipal, Polic\u00eda Estatal, Protecci\u00f3n Civil, Bomberos, Cruz Roja y Guardia Nacional, quienes realizaron labores de prevenci\u00f3n, vigilancia y atenci\u00f3n a la ciudadan\u00eda en distintos puntos estrat\u00e9gicos del municipio.<\/p>\n<p>Al respecto, el presidente municipal Jorge Aldana destac\u00f3 la importancia de la colaboraci\u00f3n institucional y el compromiso de los camarguenses con la seguridad vial:<\/p>\n<p>\u201cEste resultado es el reflejo de la gran coordinaci\u00f3n entre todas las corporaciones, pero tambi\u00e9n del trabajo que venimos haciendo para fomentar la concientizaci\u00f3n vial en el municipio. Cuando sociedad y gobierno trabajan de la mano, se logran cosas buenas como esta.\u201d<br \/>\nDurante el operativo se realizaron recorridos preventivos, filtros de seguridad y acciones de proximidad social, lo que permiti\u00f3 atender cualquier situaci\u00f3n de manera oportuna y evitar incidentes de gravedad.<\/p>\n<p>El Gobierno Municipal reitera su compromiso de seguir fortaleciendo las estrategias de prevenci\u00f3n para garantizar la seguridad y bienestar de las familias camarguenses en cada temporada vacacional y en el d\u00eda a d\u00eda.<\/p>\n","protected":false},"excerpt":{"rendered":"<p>La Direcci\u00f3n de Seguridad P\u00fablica Municipal informa que concluy\u00f3 con \u00e9xito el operativo Semana Santa Segura 2025, registrando saldo blanco durante los d\u00edas de mayor afluencia vehicular y actividad recreativa en la ciudad. El resultado positivo fue posible gracias al trabajo conjunto entre las distintas corporaciones de seguridad y auxilio, incluyendo la Polic\u00eda Municipal, Polic\u00eda Estatal, Protecci\u00f3n Civil, Bomberos, Cruz Roja y Guardia Nacional, quienes realizaron labores de prevenci\u00f3n, vigilancia y atenci\u00f3n a la ciudadan\u00eda en distintos puntos estrat\u00e9gicos del municipio. Al respecto, el presidente municipal Jorge Aldana destac\u00f3 la importancia de la colaboraci\u00f3n institucional y el compromiso de los camarguenses con la seguridad vial: \u201cEste resultado es el reflejo de la gran coordinaci\u00f3n entre todas las corporaciones, pero tambi\u00e9n del trabajo que venimos haciendo para fomentar la concientizaci\u00f3n vial en el municipio. Cuando sociedad y gobierno trabajan de la mano, se logran cosas buenas como esta.\u201d Durante el operativo se realizaron recorridos preventivos, filtros de seguridad y acciones de proximidad social, lo que permiti\u00f3 atender cualquier situaci\u00f3n de manera oportuna y evitar incidentes de gravedad. El Gobierno Municipal reitera su compromiso de seguir fortaleciendo las estrategias de prevenci\u00f3n para garantizar la seguridad y bienestar de las familias camarguenses en cada temporada vacacional y en el d\u00eda a d\u00eda.<\/p>\n","protected":false},"author":2,"featured_media":14339,"comment_status":"open","ping_status":"open","sticky":false,"template":"","format":"standard","meta":{"_monsterinsights_skip_tracking":false,"_monsterinsights_sitenote_active":false,"_monsterinsights_sitenote_note":"","_monsterinsights_sitenote_category":0,"advanced_seo_description":"","jetpack_seo_html_title":"","jetpack_seo_noindex":false,"_jetpack_memberships_contains_paid_content":false,"footnotes":"","jetpack_publicize_message":"","jetpack_publicize_feature_enabled":true,"jetpack_social_post_already_shared":true,"jetpack_social_options":{"image_generator_settings":{"template":"highway","enabled":false},"version":2}},"categories":[8,135,11],"tags":[],"class_list":["post-14338","post","type-post","status-publish","format-standard","has-post-thumbnail","hentry","category-estado","category-lo-mas-leido","category-principal"],"jetpack_publicize_connections":[],"jetpack_sharing_enabled":true,"jetpack_featured_media_url":"https:\/\/i0.wp.com\/alcierrenoticias.com\/wp-content\/uploads\/2025\/04\/WhatsApp-Image-2025-04-21-at-3.21.49-PM.jpeg?fit=1254%2C831&ssl=1","amp_enabled":true,"_links":{"self":[{"href":"https:\/\/alcierrenoticias.com\/index.php\/wp-json\/wp\/v2\/posts\/14338","targetHints":{"allow":["GET"]}}],"collection":[{"href":"https:\/\/alcierrenoticias.com\/index.php\/wp-json\/wp\/v2\/posts"}],"about":[{"href":"https:\/\/alcierrenoticias.com\/index.php\/wp-json\/wp\/v2\/types\/post"}],"author":[{"embeddable":true,"href":"https:\/\/alcierrenoticias.com\/index.php\/wp-json\/wp\/v2\/users\/2"}],"replies":[{"embeddable":true,"href":"https:\/\/alcierrenoticias.com\/index.php\/wp-json\/wp\/v2\/comments?post=14338"}],"version-history":[{"count":2,"href":"https:\/\/alcierrenoticias.com\/index.php\/wp-json\/wp\/v2\/posts\/14338\/revisions"}],"predecessor-version":[{"id":14341,"href":"https:\/\/alcierrenoticias.com\/index.php\/wp-json\/wp\/v2\/posts\/14338\/revisions\/14341"}],"wp:featuredmedia":[{"embeddable":true,"href":"https:\/\/alcierrenoticias.com\/index.php\/wp-json\/wp\/v2\/media\/14339"}],"wp:attachment":[{"href":"https:\/\/alcierrenoticias.com\/index.php\/wp-json\/wp\/v2\/media?parent=14338"}],"wp:term":[{"taxonomy":"category","embeddable":true,"href":"https:\/\/alcierrenoticias.com\/index.php\/wp-json\/wp\/v2\/categories?post=14338"},{"taxonomy":"post_tag","embeddable":true,"href":"https:\/\/alcierrenoticias.com\/index.php\/wp-json\/wp\/v2\/tags?post=14338"}],"curies":[{"name":"wp","href":"https:\/\/api.w.org\/{rel}","templated":true}]}}