{"id":14327,"date":"2025-04-21T15:27:55","date_gmt":"2025-04-21T21:27:55","guid":{"rendered":"https:\/\/alcierrenoticias.com\/?p=14327"},"modified":"2025-04-21T22:08:42","modified_gmt":"2025-04-22T04:08:42","slug":"arranca-campamento-de-semana-santa-del-dif-meoqui-con-mas-de-60-ninas-y-ninos","status":"publish","type":"post","link":"https:\/\/alcierrenoticias.com\/index.php\/2025\/04\/21\/arranca-campamento-de-semana-santa-del-dif-meoqui-con-mas-de-60-ninas-y-ninos\/","title":{"rendered":"Arranca Campamento de Semana Santa del DIF Meoqui con m\u00e1s de 60 ni\u00f1as y ni\u00f1os."},"content":{"rendered":"<p>Realizar\u00e1n actividades f\u00edsicas y recreativas y el \u00faltimo d\u00eda acampar\u00e1n junto con sus padres<\/p>\n<p>Este lunes dio inicio el tradicional Campamento de Semana Santa organizado por el DIF Municipal de Meoqui, una actividad ya esperada cada a\u00f1o por las familias del municipio, contando con la participaci\u00f3n de m\u00e1s de 60 ni\u00f1as y ni\u00f1os en las instalaciones del parquecito del DIF, en el cual incluyen actividades como una visita al 66 Batall\u00f3n de Infanter\u00eda, as\u00ed como recorridos a la Estaci\u00f3n de Bomberos y la Comandancia Municipal.<\/p>\n<p>\u201cEstamos muy contentos porque este campamento ya es una tradici\u00f3n, y como cada a\u00f1o, nuestra alcaldesa, la arquitecta Miriam Soto, nos ha pedido innovar y mejorar las actividades que ofrecemos\u201d, coment\u00f3 Luis Valles, director del DIF Municipal.<\/p>\n<p>La semana cerrar\u00e1 con broche de oro el viernes, cuando se lleve a cabo un campamento nocturno familiar, en el que se invita a los padres a unirse con casas de campa\u00f1a y sleeping bags para compartir una noche especial con sus hijos. \u201cEs una actividad muy bonita porque sabemos que esos momentos de convivencia en familia son muy importantes para los ni\u00f1os\u201d, agreg\u00f3 el director del DIF.<\/p>\n<p>Finalmente, Luis Valles agradeci\u00f3 la confianza de los padres al permitir que sus hijos participen en este campamento, y reafirm\u00f3 el compromiso del Gobierno de la Alcaldesa Miriam Soto de brindar espacios seguros, educativos y llenos de alegr\u00eda para las ni\u00f1as y ni\u00f1os del municipio.<\/p>\n","protected":false},"excerpt":{"rendered":"<p>Realizar\u00e1n actividades f\u00edsicas y recreativas y el \u00faltimo d\u00eda acampar\u00e1n junto con sus padres Este lunes dio inicio el tradicional Campamento de Semana Santa organizado por el DIF Municipal de Meoqui, una actividad ya esperada cada a\u00f1o por las familias del municipio, contando con la participaci\u00f3n de m\u00e1s de 60 ni\u00f1as y ni\u00f1os en las instalaciones del parquecito del DIF, en el cual incluyen actividades como una visita al 66 Batall\u00f3n de Infanter\u00eda, as\u00ed como recorridos a la Estaci\u00f3n de Bomberos y la Comandancia Municipal. \u201cEstamos muy contentos porque este campamento ya es una tradici\u00f3n, y como cada a\u00f1o, nuestra alcaldesa, la arquitecta Miriam Soto, nos ha pedido innovar y mejorar las actividades que ofrecemos\u201d, coment\u00f3 Luis Valles, director del DIF Municipal. La semana cerrar\u00e1 con broche de oro el viernes, cuando se lleve a cabo un campamento nocturno familiar, en el que se invita a los padres a unirse con casas de campa\u00f1a y sleeping bags para compartir una noche especial con sus hijos. \u201cEs una actividad muy bonita porque sabemos que esos momentos de convivencia en familia son muy importantes para los ni\u00f1os\u201d, agreg\u00f3 el director del DIF. Finalmente, Luis Valles agradeci\u00f3 la confianza de los padres al permitir que sus hijos participen en este campamento, y reafirm\u00f3 el compromiso del Gobierno de la Alcaldesa Miriam Soto de brindar espacios seguros, educativos y llenos de alegr\u00eda para las ni\u00f1as y ni\u00f1os del municipio.<\/p>\n","protected":false},"author":2,"featured_media":14329,"comment_status":"open","ping_status":"open","sticky":false,"template":"","format":"standard","meta":{"_monsterinsights_skip_tracking":false,"_monsterinsights_sitenote_active":false,"_monsterinsights_sitenote_note":"","_monsterinsights_sitenote_category":0,"advanced_seo_description":"","jetpack_seo_html_title":"","jetpack_seo_noindex":false,"_jetpack_memberships_contains_paid_content":false,"footnotes":"","jetpack_publicize_message":"","jetpack_publicize_feature_enabled":true,"jetpack_social_post_already_shared":true,"jetpack_social_options":{"image_generator_settings":{"template":"highway","enabled":false},"version":2}},"categories":[135,7,11],"tags":[],"class_list":["post-14327","post","type-post","status-publish","format-standard","has-post-thumbnail","hentry","category-lo-mas-leido","category-local","category-principal"],"jetpack_publicize_connections":[],"jetpack_sharing_enabled":true,"jetpack_featured_media_url":"https:\/\/i0.wp.com\/alcierrenoticias.com\/wp-content\/uploads\/2025\/04\/WhatsApp-Image-2025-04-21-at-3.20.55-PM.jpeg?fit=1280%2C853&ssl=1","amp_enabled":true,"_links":{"self":[{"href":"https:\/\/alcierrenoticias.com\/index.php\/wp-json\/wp\/v2\/posts\/14327","targetHints":{"allow":["GET"]}}],"collection":[{"href":"https:\/\/alcierrenoticias.com\/index.php\/wp-json\/wp\/v2\/posts"}],"about":[{"href":"https:\/\/alcierrenoticias.com\/index.php\/wp-json\/wp\/v2\/types\/post"}],"author":[{"embeddable":true,"href":"https:\/\/alcierrenoticias.com\/index.php\/wp-json\/wp\/v2\/users\/2"}],"replies":[{"embeddable":true,"href":"https:\/\/alcierrenoticias.com\/index.php\/wp-json\/wp\/v2\/comments?post=14327"}],"version-history":[{"count":2,"href":"https:\/\/alcierrenoticias.com\/index.php\/wp-json\/wp\/v2\/posts\/14327\/revisions"}],"predecessor-version":[{"id":14330,"href":"https:\/\/alcierrenoticias.com\/index.php\/wp-json\/wp\/v2\/posts\/14327\/revisions\/14330"}],"wp:featuredmedia":[{"embeddable":true,"href":"https:\/\/alcierrenoticias.com\/index.php\/wp-json\/wp\/v2\/media\/14329"}],"wp:attachment":[{"href":"https:\/\/alcierrenoticias.com\/index.php\/wp-json\/wp\/v2\/media?parent=14327"}],"wp:term":[{"taxonomy":"category","embeddable":true,"href":"https:\/\/alcierrenoticias.com\/index.php\/wp-json\/wp\/v2\/categories?post=14327"},{"taxonomy":"post_tag","embeddable":true,"href":"https:\/\/alcierrenoticias.com\/index.php\/wp-json\/wp\/v2\/tags?post=14327"}],"curies":[{"name":"wp","href":"https:\/\/api.w.org\/{rel}","templated":true}]}}