{"id":14298,"date":"2025-04-19T16:12:24","date_gmt":"2025-04-19T22:12:24","guid":{"rendered":"https:\/\/alcierrenoticias.com\/?p=14298"},"modified":"2025-04-21T13:48:10","modified_gmt":"2025-04-21T19:48:10","slug":"rinde-liga-municipal-homenaje-a-leyendas-del-futbol-de-delicias","status":"publish","type":"post","link":"https:\/\/alcierrenoticias.com\/index.php\/2025\/04\/19\/rinde-liga-municipal-homenaje-a-leyendas-del-futbol-de-delicias\/","title":{"rendered":"Rinde Liga Municipal homenaje a leyendas del futbol de Delicias."},"content":{"rendered":"<p>Un emotivo homenaje fue realizado por la Liga Municipal de Futbol de Delicias para reconocer la trayectoria de grandes figuras del balompi\u00e9 local. La ceremonia se llev\u00f3 a cabo con la presencia del presidente municipal Jes\u00fas Valenciano Garc\u00eda, quien felicit\u00f3 personalmente a los homenajeados y agradeci\u00f3 su aporte al desarrollo deportivo y social de la ciudad.<\/p>\n<p>En las instalaciones de la Unidad Deportiva \u00d3scar \u201cQu\u00edmico\u201d de la Rosa Pereyra, acompa\u00f1ado por el presidente de la Liga Municipal, Samuel Silva Garc\u00eda, y del diputado local Roberto Carre\u00f3n Huitr\u00f3n, el alcalde destac\u00f3 la influencia positiva de estas leyendas del futbol en varias generaciones de j\u00f3venes delicienses. \u201cUstedes le han dado mucho a Delicias, han formado a muchas personas en este deporte y han sido punto de encuentro para las familias\u201d, expres\u00f3.<\/p>\n<p>Subray\u00f3 que homenajear a estas figuras no solo es un acto de gratitud, sino tambi\u00e9n una forma de inspirar a las nuevas generaciones. \u201cMientras m\u00e1s personas sean como ustedes, eso significar\u00e1 que se est\u00e1n formando m\u00e1s ni\u00f1os y j\u00f3venes por un buen camino\u201d, afirm\u00f3 con emoci\u00f3n ante los presentes.<\/p>\n<p>Durante el evento, el alcalde aprovech\u00f3 para compartir con los asistentes que ya se construye la Pista de Atletismo de tart\u00e1n que ser\u00e1 la primera etapa del Estadio Ol\u00edmpico en Delicias, el cual contar\u00e1 con un campo de futbol con pasto sint\u00e9tico. Esta infraestructura est\u00e1 pensada para convertirse en un espacio de alto nivel que fortalezca a\u00fan m\u00e1s el deporte local.<\/p>\n<p>Finalmente, Valenciano Garc\u00eda adelant\u00f3 que este nuevo estadio podr\u00e1 cumplir con las condiciones necesarias para el regreso de la Tercera Divisi\u00f3n de Futbol Profesional a Delicias, lo que abrir\u00e1 nuevas oportunidades para el talento local y consolidar\u00e1 al municipio como semillero de atletas de alto rendimiento.<\/p>\n","protected":false},"excerpt":{"rendered":"<p>Un emotivo homenaje fue realizado por la Liga Municipal de Futbol de Delicias para reconocer la trayectoria de grandes figuras del balompi\u00e9 local. La ceremonia se llev\u00f3 a cabo con la presencia del presidente municipal Jes\u00fas Valenciano Garc\u00eda, quien felicit\u00f3 personalmente a los homenajeados y agradeci\u00f3 su aporte al desarrollo deportivo y social de la ciudad. En las instalaciones de la Unidad Deportiva \u00d3scar \u201cQu\u00edmico\u201d de la Rosa Pereyra, acompa\u00f1ado por el presidente de la Liga Municipal, Samuel Silva Garc\u00eda, y del diputado local Roberto Carre\u00f3n Huitr\u00f3n, el alcalde destac\u00f3 la influencia positiva de estas leyendas del futbol en varias generaciones de j\u00f3venes delicienses. \u201cUstedes le han dado mucho a Delicias, han formado a muchas personas en este deporte y han sido punto de encuentro para las familias\u201d, expres\u00f3. Subray\u00f3 que homenajear a estas figuras no solo es un acto de gratitud, sino tambi\u00e9n una forma de inspirar a las nuevas generaciones. \u201cMientras m\u00e1s personas sean como ustedes, eso significar\u00e1 que se est\u00e1n formando m\u00e1s ni\u00f1os y j\u00f3venes por un buen camino\u201d, afirm\u00f3 con emoci\u00f3n ante los presentes. Durante el evento, el alcalde aprovech\u00f3 para compartir con los asistentes que ya se construye la Pista de Atletismo de tart\u00e1n que ser\u00e1 la primera etapa del Estadio Ol\u00edmpico en Delicias, el cual contar\u00e1 con un campo de futbol con pasto sint\u00e9tico. Esta infraestructura est\u00e1 pensada para convertirse en un espacio de alto nivel que fortalezca a\u00fan m\u00e1s el deporte local. Finalmente, Valenciano Garc\u00eda adelant\u00f3 que este nuevo estadio podr\u00e1 cumplir con las condiciones necesarias para el regreso de la Tercera Divisi\u00f3n de Futbol Profesional a Delicias, lo que abrir\u00e1 nuevas oportunidades para el talento local y consolidar\u00e1 al municipio como semillero de atletas de alto rendimiento.<\/p>\n","protected":false},"author":2,"featured_media":14299,"comment_status":"open","ping_status":"open","sticky":false,"template":"","format":"standard","meta":{"_monsterinsights_skip_tracking":false,"_monsterinsights_sitenote_active":false,"_monsterinsights_sitenote_note":"","_monsterinsights_sitenote_category":0,"advanced_seo_description":"","jetpack_seo_html_title":"","jetpack_seo_noindex":false,"_jetpack_memberships_contains_paid_content":false,"footnotes":"","jetpack_publicize_message":"","jetpack_publicize_feature_enabled":true,"jetpack_social_post_already_shared":true,"jetpack_social_options":{"image_generator_settings":{"template":"highway","enabled":false},"version":2}},"categories":[135,7,11],"tags":[],"class_list":["post-14298","post","type-post","status-publish","format-standard","has-post-thumbnail","hentry","category-lo-mas-leido","category-local","category-principal"],"jetpack_publicize_connections":[],"jetpack_sharing_enabled":true,"jetpack_featured_media_url":"https:\/\/i0.wp.com\/alcierrenoticias.com\/wp-content\/uploads\/2025\/04\/WhatsApp-Image-2025-04-19-at-4.08.02-PM-e1745264885147.jpeg?fit=500%2C500&ssl=1","amp_enabled":true,"_links":{"self":[{"href":"https:\/\/alcierrenoticias.com\/index.php\/wp-json\/wp\/v2\/posts\/14298","targetHints":{"allow":["GET"]}}],"collection":[{"href":"https:\/\/alcierrenoticias.com\/index.php\/wp-json\/wp\/v2\/posts"}],"about":[{"href":"https:\/\/alcierrenoticias.com\/index.php\/wp-json\/wp\/v2\/types\/post"}],"author":[{"embeddable":true,"href":"https:\/\/alcierrenoticias.com\/index.php\/wp-json\/wp\/v2\/users\/2"}],"replies":[{"embeddable":true,"href":"https:\/\/alcierrenoticias.com\/index.php\/wp-json\/wp\/v2\/comments?post=14298"}],"version-history":[{"count":1,"href":"https:\/\/alcierrenoticias.com\/index.php\/wp-json\/wp\/v2\/posts\/14298\/revisions"}],"predecessor-version":[{"id":14300,"href":"https:\/\/alcierrenoticias.com\/index.php\/wp-json\/wp\/v2\/posts\/14298\/revisions\/14300"}],"wp:featuredmedia":[{"embeddable":true,"href":"https:\/\/alcierrenoticias.com\/index.php\/wp-json\/wp\/v2\/media\/14299"}],"wp:attachment":[{"href":"https:\/\/alcierrenoticias.com\/index.php\/wp-json\/wp\/v2\/media?parent=14298"}],"wp:term":[{"taxonomy":"category","embeddable":true,"href":"https:\/\/alcierrenoticias.com\/index.php\/wp-json\/wp\/v2\/categories?post=14298"},{"taxonomy":"post_tag","embeddable":true,"href":"https:\/\/alcierrenoticias.com\/index.php\/wp-json\/wp\/v2\/tags?post=14298"}],"curies":[{"name":"wp","href":"https:\/\/api.w.org\/{rel}","templated":true}]}}