{"id":14286,"date":"2025-04-17T17:31:34","date_gmt":"2025-04-17T23:31:34","guid":{"rendered":"https:\/\/alcierrenoticias.com\/?p=14286"},"modified":"2025-04-21T12:37:22","modified_gmt":"2025-04-21T18:37:22","slug":"avanza-pavimentacion-de-carretera-delicias-naica-jesus-valenciano","status":"publish","type":"post","link":"https:\/\/alcierrenoticias.com\/index.php\/2025\/04\/17\/avanza-pavimentacion-de-carretera-delicias-naica-jesus-valenciano\/","title":{"rendered":"Avanza pavimentaci\u00f3n de carretera Delicias\u2013Naica: Jes\u00fas Valenciano."},"content":{"rendered":"<p>Durante una visita hasta Santa Gertrudis, el presidente municipal Jes\u00fas Valenciano Garc\u00eda constat\u00f3 el avance del 70% en los trabajos de pavimentaci\u00f3n de la carretera Delicias\u2013Naica, resultado de una gesti\u00f3n directa con el Gobierno del Estado encabezado por la gobernadora Maru Campos. El edil destac\u00f3 que esta obra representa un cambio total para una v\u00eda que por d\u00e9cadas sufri\u00f3 deterioro, afectando la seguridad y movilidad de miles de ciudadanos.<\/p>\n<p>\u201cEstamos viendo un cambio completo en este tramo que durante a\u00f1os fue bache sobre bache, provocando accidentes y da\u00f1os a veh\u00edculos. Hoy, gracias al respaldo de la Gobernadora, y al trabajo de la Secretaria de Comunicaciones y Obras esto est\u00e1 mejorando y beneficiar\u00e1 no solo a Naica, sino tambi\u00e9n a la regi\u00f3n del kil\u00f3metro 92, la Campesina y a los elementos que transitan diario hacia Santa Gertrudis\u201d, expres\u00f3 Valenciano.<\/p>\n<p>El alcalde subray\u00f3 que mantener en buen estado los caminos que interconectan a Delicias es una prioridad, ya que representan arterias vitales para la econom\u00eda, el acceso a servicios m\u00e9dicos, la educaci\u00f3n y el comercio. Mencion\u00f3 tambi\u00e9n avances importantes en otras que ya se paviment\u00f3 el tramo Delicias\u2013Saucillo por la Vicente Guerrero, el trayecto del Establo Zaragoza a Las Varas, y nuevas gestiones en proceso.<\/p>\n<p>En su mensaje, Valenciano Garc\u00eda hizo un llamado a la ciudadan\u00eda a tener paciencia ante las molestias temporales que las obras pudieran ocasionar, asegurando que los beneficios ser\u00e1n duraderos: \u201cAlgunos de estos tramos ten\u00edan m\u00e1s de 30 a\u00f1os sin intervenci\u00f3n, incluso la de Delicias a Naica cerca de 40. Hoy se realiza un reencarpetado completo que dar\u00e1 una vida \u00fatil de muchos a\u00f1os\u201d, afirm\u00f3.<\/p>\n<p>Finalmente, adelant\u00f3 que se encuentran en gesti\u00f3n nuevos proyectos de beneficio regional que incluyen caminos hacia Julimes, Ortiz y la Presa Las V\u00edrgenes, adem\u00e1s de una conexi\u00f3n entre Rosales y el Rastro Municipal. \u201cTodo esto lo hacemos porque sabemos que Delicias es un punto clave en la regi\u00f3n y nuestras v\u00edas deben estar a la altura del crecimiento que vivimos\u201d, concluy\u00f3.<\/p>\n","protected":false},"excerpt":{"rendered":"<p>Durante una visita hasta Santa Gertrudis, el presidente municipal Jes\u00fas Valenciano Garc\u00eda constat\u00f3 el avance del 70% en los trabajos de pavimentaci\u00f3n de la carretera Delicias\u2013Naica, resultado de una gesti\u00f3n directa con el Gobierno del Estado encabezado por la gobernadora Maru Campos. El edil destac\u00f3 que esta obra representa un cambio total para una v\u00eda que por d\u00e9cadas sufri\u00f3 deterioro, afectando la seguridad y movilidad de miles de ciudadanos. \u201cEstamos viendo un cambio completo en este tramo que durante a\u00f1os fue bache sobre bache, provocando accidentes y da\u00f1os a veh\u00edculos. Hoy, gracias al respaldo de la Gobernadora, y al trabajo de la Secretaria de Comunicaciones y Obras esto est\u00e1 mejorando y beneficiar\u00e1 no solo a Naica, sino tambi\u00e9n a la regi\u00f3n del kil\u00f3metro 92, la Campesina y a los elementos que transitan diario hacia Santa Gertrudis\u201d, expres\u00f3 Valenciano. El alcalde subray\u00f3 que mantener en buen estado los caminos que interconectan a Delicias es una prioridad, ya que representan arterias vitales para la econom\u00eda, el acceso a servicios m\u00e9dicos, la educaci\u00f3n y el comercio. Mencion\u00f3 tambi\u00e9n avances importantes en otras que ya se paviment\u00f3 el tramo Delicias\u2013Saucillo por la Vicente Guerrero, el trayecto del Establo Zaragoza a Las Varas, y nuevas gestiones en proceso. En su mensaje, Valenciano Garc\u00eda hizo un llamado a la ciudadan\u00eda a tener paciencia ante las molestias temporales que las obras pudieran ocasionar, asegurando que los beneficios ser\u00e1n duraderos: \u201cAlgunos de estos tramos ten\u00edan m\u00e1s de 30 a\u00f1os sin intervenci\u00f3n, incluso la de Delicias a Naica cerca de 40. Hoy se realiza un reencarpetado completo que dar\u00e1 una vida \u00fatil de muchos a\u00f1os\u201d, afirm\u00f3. Finalmente, adelant\u00f3 que se encuentran en gesti\u00f3n nuevos proyectos de beneficio regional que incluyen caminos hacia Julimes, Ortiz y la Presa Las V\u00edrgenes, adem\u00e1s de una conexi\u00f3n entre Rosales y el Rastro Municipal. \u201cTodo esto lo hacemos porque sabemos que Delicias es un punto clave en la regi\u00f3n y nuestras v\u00edas deben estar a la altura del crecimiento que vivimos\u201d, concluy\u00f3.<\/p>\n","protected":false},"author":2,"featured_media":14287,"comment_status":"open","ping_status":"open","sticky":false,"template":"","format":"standard","meta":{"_monsterinsights_skip_tracking":false,"_monsterinsights_sitenote_active":false,"_monsterinsights_sitenote_note":"","_monsterinsights_sitenote_category":0,"advanced_seo_description":"","jetpack_seo_html_title":"","jetpack_seo_noindex":false,"_jetpack_memberships_contains_paid_content":false,"footnotes":"","jetpack_publicize_message":"","jetpack_publicize_feature_enabled":true,"jetpack_social_post_already_shared":true,"jetpack_social_options":{"image_generator_settings":{"template":"highway","enabled":false},"version":2}},"categories":[135,7,11],"tags":[],"class_list":["post-14286","post","type-post","status-publish","format-standard","has-post-thumbnail","hentry","category-lo-mas-leido","category-local","category-principal"],"jetpack_publicize_connections":[],"jetpack_sharing_enabled":true,"jetpack_featured_media_url":"https:\/\/i0.wp.com\/alcierrenoticias.com\/wp-content\/uploads\/2025\/04\/WhatsApp-Image-2025-04-17-at-5.28.41-PM.jpeg?fit=2181%2C1454&ssl=1","amp_enabled":true,"_links":{"self":[{"href":"https:\/\/alcierrenoticias.com\/index.php\/wp-json\/wp\/v2\/posts\/14286","targetHints":{"allow":["GET"]}}],"collection":[{"href":"https:\/\/alcierrenoticias.com\/index.php\/wp-json\/wp\/v2\/posts"}],"about":[{"href":"https:\/\/alcierrenoticias.com\/index.php\/wp-json\/wp\/v2\/types\/post"}],"author":[{"embeddable":true,"href":"https:\/\/alcierrenoticias.com\/index.php\/wp-json\/wp\/v2\/users\/2"}],"replies":[{"embeddable":true,"href":"https:\/\/alcierrenoticias.com\/index.php\/wp-json\/wp\/v2\/comments?post=14286"}],"version-history":[{"count":2,"href":"https:\/\/alcierrenoticias.com\/index.php\/wp-json\/wp\/v2\/posts\/14286\/revisions"}],"predecessor-version":[{"id":14289,"href":"https:\/\/alcierrenoticias.com\/index.php\/wp-json\/wp\/v2\/posts\/14286\/revisions\/14289"}],"wp:featuredmedia":[{"embeddable":true,"href":"https:\/\/alcierrenoticias.com\/index.php\/wp-json\/wp\/v2\/media\/14287"}],"wp:attachment":[{"href":"https:\/\/alcierrenoticias.com\/index.php\/wp-json\/wp\/v2\/media?parent=14286"}],"wp:term":[{"taxonomy":"category","embeddable":true,"href":"https:\/\/alcierrenoticias.com\/index.php\/wp-json\/wp\/v2\/categories?post=14286"},{"taxonomy":"post_tag","embeddable":true,"href":"https:\/\/alcierrenoticias.com\/index.php\/wp-json\/wp\/v2\/tags?post=14286"}],"curies":[{"name":"wp","href":"https:\/\/api.w.org\/{rel}","templated":true}]}}