{"id":14281,"date":"2025-04-16T10:59:11","date_gmt":"2025-04-16T16:59:11","guid":{"rendered":"https:\/\/alcierrenoticias.com\/?p=14281"},"modified":"2025-04-16T13:01:20","modified_gmt":"2025-04-16T19:01:20","slug":"gran-carrera-de-colores-este-viernes-habra-playera-para-los-primeros-200-en-llegar-al-punto-de-arranque","status":"publish","type":"post","link":"https:\/\/alcierrenoticias.com\/index.php\/2025\/04\/16\/gran-carrera-de-colores-este-viernes-habra-playera-para-los-primeros-200-en-llegar-al-punto-de-arranque\/","title":{"rendered":"Gran Carrera de Colores este viernes, habr\u00e1 playera para los primeros 200 en llegar al punto de arranque."},"content":{"rendered":"<p>En el marco del esperado Camargo Fest 2025, el Gobierno Municipal invita a todas las familias y juventudes a disfrutar de la Color Run 2025, un evento lleno de energ\u00eda, alegr\u00eda y color que se realizar\u00e1 el viernes 18 de abril a partir de las 5:00 PM, con salida desde el Teatro de la Ciudad.<\/p>\n<p>El recorrido de esta carrera recreativa comenzar\u00e1 en el Teatro de la Ciudad, avanzando por avenida Pablo Ginther, Ju\u00e1rez, Gonz\u00e1lez Ortega y Guerrero, para culminar en la Plaza Ju\u00e1rez, donde se vivir\u00e1 un gran cierre con m\u00fasica y sorpresas.<\/p>\n<p>Los primeros 200 asistentes en llegar al punto de arranque recibir\u00e1n una playera gratis conmemorativa del evento, ideal para llevarse un recuerdo de esta divertida experiencia.<\/p>\n<p>Recomendaci\u00f3n importante: se sugiere a los asistentes llevar lentes de sol o de protecci\u00f3n, para disfrutar de la carrera con seguridad y comodidad.<\/p>\n<p>\u00a1Prep\u00e1rate para correr, divertirte y llenarte de color en la Color Run 2025!<\/p>\n","protected":false},"excerpt":{"rendered":"<p>En el marco del esperado Camargo Fest 2025, el Gobierno Municipal invita a todas las familias y juventudes a disfrutar de la Color Run 2025, un evento lleno de energ\u00eda, alegr\u00eda y color que se realizar\u00e1 el viernes 18 de abril a partir de las 5:00 PM, con salida desde el Teatro de la Ciudad. El recorrido de esta carrera recreativa comenzar\u00e1 en el Teatro de la Ciudad, avanzando por avenida Pablo Ginther, Ju\u00e1rez, Gonz\u00e1lez Ortega y Guerrero, para culminar en la Plaza Ju\u00e1rez, donde se vivir\u00e1 un gran cierre con m\u00fasica y sorpresas. Los primeros 200 asistentes en llegar al punto de arranque recibir\u00e1n una playera gratis conmemorativa del evento, ideal para llevarse un recuerdo de esta divertida experiencia. Recomendaci\u00f3n importante: se sugiere a los asistentes llevar lentes de sol o de protecci\u00f3n, para disfrutar de la carrera con seguridad y comodidad. \u00a1Prep\u00e1rate para correr, divertirte y llenarte de color en la Color Run 2025!<\/p>\n","protected":false},"author":2,"featured_media":14282,"comment_status":"open","ping_status":"open","sticky":false,"template":"","format":"standard","meta":{"_monsterinsights_skip_tracking":false,"_monsterinsights_sitenote_active":false,"_monsterinsights_sitenote_note":"","_monsterinsights_sitenote_category":0,"advanced_seo_description":"","jetpack_seo_html_title":"","jetpack_seo_noindex":false,"_jetpack_memberships_contains_paid_content":false,"footnotes":"","jetpack_publicize_message":"","jetpack_publicize_feature_enabled":true,"jetpack_social_post_already_shared":true,"jetpack_social_options":{"image_generator_settings":{"template":"highway","enabled":false},"version":2}},"categories":[8,135,11],"tags":[],"class_list":["post-14281","post","type-post","status-publish","format-standard","has-post-thumbnail","hentry","category-estado","category-lo-mas-leido","category-principal"],"jetpack_publicize_connections":[],"jetpack_sharing_enabled":true,"jetpack_featured_media_url":"https:\/\/i0.wp.com\/alcierrenoticias.com\/wp-content\/uploads\/2025\/04\/WhatsApp-Image-2025-04-16-at-10.55.19-AM-e1744830042278.jpeg?fit=500%2C261&ssl=1","amp_enabled":true,"_links":{"self":[{"href":"https:\/\/alcierrenoticias.com\/index.php\/wp-json\/wp\/v2\/posts\/14281","targetHints":{"allow":["GET"]}}],"collection":[{"href":"https:\/\/alcierrenoticias.com\/index.php\/wp-json\/wp\/v2\/posts"}],"about":[{"href":"https:\/\/alcierrenoticias.com\/index.php\/wp-json\/wp\/v2\/types\/post"}],"author":[{"embeddable":true,"href":"https:\/\/alcierrenoticias.com\/index.php\/wp-json\/wp\/v2\/users\/2"}],"replies":[{"embeddable":true,"href":"https:\/\/alcierrenoticias.com\/index.php\/wp-json\/wp\/v2\/comments?post=14281"}],"version-history":[{"count":1,"href":"https:\/\/alcierrenoticias.com\/index.php\/wp-json\/wp\/v2\/posts\/14281\/revisions"}],"predecessor-version":[{"id":14283,"href":"https:\/\/alcierrenoticias.com\/index.php\/wp-json\/wp\/v2\/posts\/14281\/revisions\/14283"}],"wp:featuredmedia":[{"embeddable":true,"href":"https:\/\/alcierrenoticias.com\/index.php\/wp-json\/wp\/v2\/media\/14282"}],"wp:attachment":[{"href":"https:\/\/alcierrenoticias.com\/index.php\/wp-json\/wp\/v2\/media?parent=14281"}],"wp:term":[{"taxonomy":"category","embeddable":true,"href":"https:\/\/alcierrenoticias.com\/index.php\/wp-json\/wp\/v2\/categories?post=14281"},{"taxonomy":"post_tag","embeddable":true,"href":"https:\/\/alcierrenoticias.com\/index.php\/wp-json\/wp\/v2\/tags?post=14281"}],"curies":[{"name":"wp","href":"https:\/\/api.w.org\/{rel}","templated":true}]}}