{"id":14267,"date":"2025-04-15T12:48:39","date_gmt":"2025-04-15T18:48:39","guid":{"rendered":"https:\/\/alcierrenoticias.com\/?p=14267"},"modified":"2025-04-16T12:53:27","modified_gmt":"2025-04-16T18:53:27","slug":"firman-municipio-de-meoqui-y-yo-amo-la-vida-a-c-convenio-para-apoyar-a-mujeres-embarazadas-y-madres-de-bebes","status":"publish","type":"post","link":"https:\/\/alcierrenoticias.com\/index.php\/2025\/04\/15\/firman-municipio-de-meoqui-y-yo-amo-la-vida-a-c-convenio-para-apoyar-a-mujeres-embarazadas-y-madres-de-bebes\/","title":{"rendered":"Firman Municipio de Meoqui y \u201cYo Amo la Vida A.C.\u201d convenio para apoyar a mujeres embarazadas y madres de beb\u00e9s."},"content":{"rendered":"<p>\u201cSiempre va a ser muy beneficioso trabajar en salud de nuestras mujeres\u201d: Miriam Soto, alcaldesa de Meoqui<\/p>\n<p>Con el objetivo de fortalecer la atenci\u00f3n integral a mujeres embarazadas y madres de ni\u00f1os menores de un a\u00f1o, el Gobierno de Meoqui firm\u00f3 un convenio de colaboraci\u00f3n con Yo Amo la Vida A.C., a beneficio de la salud de las mujeres del municipio.<\/p>\n<p>La alcaldesa Miriam Soto encabez\u00f3 la firma del convenio y destac\u00f3 la importancia de generar alianzas que abonen al bienestar f\u00edsico, emocional y econ\u00f3mico de las mujeres, especialmente durante el embarazo y la maternidad temprana. \u201cSiempre va a ser muy beneficioso trabajar en salud de nuestras mujeres, y como mujer al frente del municipio, es muy importante para m\u00ed que las pol\u00edticas p\u00fablicas est\u00e9n a su favor\u201d, expres\u00f3.<\/p>\n<p>Asimismo, la alcaldesa se\u00f1al\u00f3 que la asociaci\u00f3n contribuye con un terapeuta que brindar\u00e1 atenci\u00f3n semanal, trabajando adem\u00e1s en el programa municipal \u201cEn el Vientre Materno\u201d, a fin de canalizar a quienes requieran atenci\u00f3n especializada en salud mental o servicios integrales.<\/p>\n<p>Por parte de Yo Amo la Vida A.C., las representantes Marta Dolores Pineda, presidenta, y Olivia Miramontes, directora en Delicias, informaron que la asociaci\u00f3n ofrece diversos servicios gratuitos como:<\/p>\n<p>&#8211; Terapia psicol\u00f3gica<\/p>\n<p>&#8211; Consulta m\u00e9dica y pedi\u00e1trica<\/p>\n<p>&#8211; Asesor\u00eda legal<\/p>\n<p>&#8211; Talleres de autoempleo<\/p>\n<p>&#8211; Canalizaci\u00f3n a casas hogar en Chihuahua<\/p>\n<p>\u201cEl convenio permitir\u00e1 acercar estos apoyos a m\u00e1s mujeres en Meoqui, especialmente a quienes m\u00e1s lo necesitan\u201d, mencionaron, a\u00f1adiendo que las interesadas pueden seguir a la asociaci\u00f3n en redes sociales como \u201cYo Amo la Vida Delicias A.C.\u201d o comunicarse al 639 111 4400 para mayor informaci\u00f3n.<\/p>\n","protected":false},"excerpt":{"rendered":"<p>\u201cSiempre va a ser muy beneficioso trabajar en salud de nuestras mujeres\u201d: Miriam Soto, alcaldesa de Meoqui Con el objetivo de fortalecer la atenci\u00f3n integral a mujeres embarazadas y madres de ni\u00f1os menores de un a\u00f1o, el Gobierno de Meoqui firm\u00f3 un convenio de colaboraci\u00f3n con Yo Amo la Vida A.C., a beneficio de la salud de las mujeres del municipio. La alcaldesa Miriam Soto encabez\u00f3 la firma del convenio y destac\u00f3 la importancia de generar alianzas que abonen al bienestar f\u00edsico, emocional y econ\u00f3mico de las mujeres, especialmente durante el embarazo y la maternidad temprana. \u201cSiempre va a ser muy beneficioso trabajar en salud de nuestras mujeres, y como mujer al frente del municipio, es muy importante para m\u00ed que las pol\u00edticas p\u00fablicas est\u00e9n a su favor\u201d, expres\u00f3. Asimismo, la alcaldesa se\u00f1al\u00f3 que la asociaci\u00f3n contribuye con un terapeuta que brindar\u00e1 atenci\u00f3n semanal, trabajando adem\u00e1s en el programa municipal \u201cEn el Vientre Materno\u201d, a fin de canalizar a quienes requieran atenci\u00f3n especializada en salud mental o servicios integrales. Por parte de Yo Amo la Vida A.C., las representantes Marta Dolores Pineda, presidenta, y Olivia Miramontes, directora en Delicias, informaron que la asociaci\u00f3n ofrece diversos servicios gratuitos como: &#8211; Terapia psicol\u00f3gica &#8211; Consulta m\u00e9dica y pedi\u00e1trica &#8211; Asesor\u00eda legal &#8211; Talleres de autoempleo &#8211; Canalizaci\u00f3n a casas hogar en Chihuahua \u201cEl convenio permitir\u00e1 acercar estos apoyos a m\u00e1s mujeres en Meoqui, especialmente a quienes m\u00e1s lo necesitan\u201d, mencionaron, a\u00f1adiendo que las interesadas pueden seguir a la asociaci\u00f3n en redes sociales como \u201cYo Amo la Vida Delicias A.C.\u201d o comunicarse al 639 111 4400 para mayor informaci\u00f3n.<\/p>\n","protected":false},"author":2,"featured_media":14268,"comment_status":"open","ping_status":"open","sticky":false,"template":"","format":"standard","meta":{"_monsterinsights_skip_tracking":false,"_monsterinsights_sitenote_active":false,"_monsterinsights_sitenote_note":"","_monsterinsights_sitenote_category":0,"advanced_seo_description":"","jetpack_seo_html_title":"","jetpack_seo_noindex":false,"_jetpack_memberships_contains_paid_content":false,"footnotes":"","jetpack_publicize_message":"","jetpack_publicize_feature_enabled":true,"jetpack_social_post_already_shared":true,"jetpack_social_options":{"image_generator_settings":{"template":"highway","enabled":false},"version":2}},"categories":[135,7,11],"tags":[],"class_list":["post-14267","post","type-post","status-publish","format-standard","has-post-thumbnail","hentry","category-lo-mas-leido","category-local","category-principal"],"jetpack_publicize_connections":[],"jetpack_sharing_enabled":true,"jetpack_featured_media_url":"https:\/\/i0.wp.com\/alcierrenoticias.com\/wp-content\/uploads\/2025\/04\/WhatsApp-Image-2025-04-15-at-11.27.25-PM.jpeg?fit=1280%2C853&ssl=1","amp_enabled":true,"_links":{"self":[{"href":"https:\/\/alcierrenoticias.com\/index.php\/wp-json\/wp\/v2\/posts\/14267","targetHints":{"allow":["GET"]}}],"collection":[{"href":"https:\/\/alcierrenoticias.com\/index.php\/wp-json\/wp\/v2\/posts"}],"about":[{"href":"https:\/\/alcierrenoticias.com\/index.php\/wp-json\/wp\/v2\/types\/post"}],"author":[{"embeddable":true,"href":"https:\/\/alcierrenoticias.com\/index.php\/wp-json\/wp\/v2\/users\/2"}],"replies":[{"embeddable":true,"href":"https:\/\/alcierrenoticias.com\/index.php\/wp-json\/wp\/v2\/comments?post=14267"}],"version-history":[{"count":2,"href":"https:\/\/alcierrenoticias.com\/index.php\/wp-json\/wp\/v2\/posts\/14267\/revisions"}],"predecessor-version":[{"id":14270,"href":"https:\/\/alcierrenoticias.com\/index.php\/wp-json\/wp\/v2\/posts\/14267\/revisions\/14270"}],"wp:featuredmedia":[{"embeddable":true,"href":"https:\/\/alcierrenoticias.com\/index.php\/wp-json\/wp\/v2\/media\/14268"}],"wp:attachment":[{"href":"https:\/\/alcierrenoticias.com\/index.php\/wp-json\/wp\/v2\/media?parent=14267"}],"wp:term":[{"taxonomy":"category","embeddable":true,"href":"https:\/\/alcierrenoticias.com\/index.php\/wp-json\/wp\/v2\/categories?post=14267"},{"taxonomy":"post_tag","embeddable":true,"href":"https:\/\/alcierrenoticias.com\/index.php\/wp-json\/wp\/v2\/tags?post=14267"}],"curies":[{"name":"wp","href":"https:\/\/api.w.org\/{rel}","templated":true}]}}