{"id":14259,"date":"2025-04-15T10:30:34","date_gmt":"2025-04-15T16:30:34","guid":{"rendered":"https:\/\/alcierrenoticias.com\/?p=14259"},"modified":"2025-04-15T11:30:45","modified_gmt":"2025-04-15T17:30:45","slug":"reconoce-jorge-aldana-a-escolta-infantil-raramuri-ganadora-de-concurso-regional","status":"publish","type":"post","link":"https:\/\/alcierrenoticias.com\/index.php\/2025\/04\/15\/reconoce-jorge-aldana-a-escolta-infantil-raramuri-ganadora-de-concurso-regional\/","title":{"rendered":"Reconoce Jorge Aldana a escolta infantil rar\u00e1muri ganadora de concurso regional."},"content":{"rendered":"<p>El presidente municipal Jorge Aldana recibi\u00f3 en su oficina a la escolta infantil rar\u00e1muri que recientemente se coron\u00f3 como ganadora del concurso regional de escoltas, en un emotivo encuentro donde se reconoci\u00f3 su esfuerzo, disciplina y orgullo por sus ra\u00edces.<\/p>\n<p>Durante la reuni\u00f3n, el alcalde felicit\u00f3 personalmente a cada integrante del grupo por su destacada participaci\u00f3n, resaltando que su triunfo no solo es motivo de orgullo para su escuela, sino para todo el municipio de Camargo.<\/p>\n<p>\u201cVer a nuestras ni\u00f1as y ni\u00f1os rar\u00e1muris destacarse en eventos como este, nos llena de alegr\u00eda y nos motiva a seguir impulsando espacios donde todas las infancias tengan las mismas oportunidades\u201d, expres\u00f3 Aldana.<\/p>\n<p>Adem\u00e1s del reconocimiento verbal, se entregaron presentes a las y los integrantes de la escolta, como muestra del aprecio de la administraci\u00f3n municipal hacia su logro.<\/p>\n<p>Este reconocimiento forma parte del compromiso de la actual administraci\u00f3n con la inclusi\u00f3n, la cultura y el impulso al talento desde edades tempranas.<\/p>\n","protected":false},"excerpt":{"rendered":"<p>El presidente municipal Jorge Aldana recibi\u00f3 en su oficina a la escolta infantil rar\u00e1muri que recientemente se coron\u00f3 como ganadora del concurso regional de escoltas, en un emotivo encuentro donde se reconoci\u00f3 su esfuerzo, disciplina y orgullo por sus ra\u00edces. Durante la reuni\u00f3n, el alcalde felicit\u00f3 personalmente a cada integrante del grupo por su destacada participaci\u00f3n, resaltando que su triunfo no solo es motivo de orgullo para su escuela, sino para todo el municipio de Camargo. \u201cVer a nuestras ni\u00f1as y ni\u00f1os rar\u00e1muris destacarse en eventos como este, nos llena de alegr\u00eda y nos motiva a seguir impulsando espacios donde todas las infancias tengan las mismas oportunidades\u201d, expres\u00f3 Aldana. Adem\u00e1s del reconocimiento verbal, se entregaron presentes a las y los integrantes de la escolta, como muestra del aprecio de la administraci\u00f3n municipal hacia su logro. Este reconocimiento forma parte del compromiso de la actual administraci\u00f3n con la inclusi\u00f3n, la cultura y el impulso al talento desde edades tempranas.<\/p>\n","protected":false},"author":2,"featured_media":14260,"comment_status":"open","ping_status":"open","sticky":false,"template":"","format":"standard","meta":{"_monsterinsights_skip_tracking":false,"_monsterinsights_sitenote_active":false,"_monsterinsights_sitenote_note":"","_monsterinsights_sitenote_category":0,"advanced_seo_description":"","jetpack_seo_html_title":"","jetpack_seo_noindex":false,"_jetpack_memberships_contains_paid_content":false,"footnotes":"","jetpack_publicize_message":"","jetpack_publicize_feature_enabled":true,"jetpack_social_post_already_shared":true,"jetpack_social_options":{"image_generator_settings":{"template":"highway","enabled":false},"version":2}},"categories":[8,135,11],"tags":[],"class_list":["post-14259","post","type-post","status-publish","format-standard","has-post-thumbnail","hentry","category-estado","category-lo-mas-leido","category-principal"],"jetpack_publicize_connections":[],"jetpack_sharing_enabled":true,"jetpack_featured_media_url":"https:\/\/i0.wp.com\/alcierrenoticias.com\/wp-content\/uploads\/2025\/04\/WhatsApp-Image-2025-04-15-at-10.27.22-AM.jpeg?fit=1600%2C1066&ssl=1","amp_enabled":true,"_links":{"self":[{"href":"https:\/\/alcierrenoticias.com\/index.php\/wp-json\/wp\/v2\/posts\/14259","targetHints":{"allow":["GET"]}}],"collection":[{"href":"https:\/\/alcierrenoticias.com\/index.php\/wp-json\/wp\/v2\/posts"}],"about":[{"href":"https:\/\/alcierrenoticias.com\/index.php\/wp-json\/wp\/v2\/types\/post"}],"author":[{"embeddable":true,"href":"https:\/\/alcierrenoticias.com\/index.php\/wp-json\/wp\/v2\/users\/2"}],"replies":[{"embeddable":true,"href":"https:\/\/alcierrenoticias.com\/index.php\/wp-json\/wp\/v2\/comments?post=14259"}],"version-history":[{"count":2,"href":"https:\/\/alcierrenoticias.com\/index.php\/wp-json\/wp\/v2\/posts\/14259\/revisions"}],"predecessor-version":[{"id":14262,"href":"https:\/\/alcierrenoticias.com\/index.php\/wp-json\/wp\/v2\/posts\/14259\/revisions\/14262"}],"wp:featuredmedia":[{"embeddable":true,"href":"https:\/\/alcierrenoticias.com\/index.php\/wp-json\/wp\/v2\/media\/14260"}],"wp:attachment":[{"href":"https:\/\/alcierrenoticias.com\/index.php\/wp-json\/wp\/v2\/media?parent=14259"}],"wp:term":[{"taxonomy":"category","embeddable":true,"href":"https:\/\/alcierrenoticias.com\/index.php\/wp-json\/wp\/v2\/categories?post=14259"},{"taxonomy":"post_tag","embeddable":true,"href":"https:\/\/alcierrenoticias.com\/index.php\/wp-json\/wp\/v2\/tags?post=14259"}],"curies":[{"name":"wp","href":"https:\/\/api.w.org\/{rel}","templated":true}]}}