{"id":14251,"date":"2025-04-14T18:30:16","date_gmt":"2025-04-15T00:30:16","guid":{"rendered":"https:\/\/alcierrenoticias.com\/?p=14251"},"modified":"2025-04-15T11:27:01","modified_gmt":"2025-04-15T17:27:01","slug":"servicios-municipales-de-camargo-trabaja-para-tener-un-camargo-mas-bonito-y-recibir-a-vacacionistas-de-semana-santa","status":"publish","type":"post","link":"https:\/\/alcierrenoticias.com\/index.php\/2025\/04\/14\/servicios-municipales-de-camargo-trabaja-para-tener-un-camargo-mas-bonito-y-recibir-a-vacacionistas-de-semana-santa\/","title":{"rendered":"Servicios municipales de Camargo trabaja para tener un Camargo m\u00e1s bonito y recibir a vacacionistas de semana santa."},"content":{"rendered":"<p>Desde hace varios d\u00edas, la Direcci\u00f3n de Servicios Municipales ha estado trabajando intensamente en las principales avenidas de la ciudad, con el objetivo de mantener limpio y presentable nuestro Camargo para recibir a los vacacionistas durante esta Semana Santa.<\/p>\n<p>Las cuadrillas han realizado labores de limpieza en calles, camellones y plazas, atendiendo los espacios p\u00fablicos que m\u00e1s visitan tanto las familias camarguenses como quienes nos visitan en estos d\u00edas de descanso.<\/p>\n<p>Nos comprometimos a tener una ciudad limpia, ordenada y bonita, y seguimos cumpliendo. Queremos que quienes lleguen a Camargo en esta temporada se lleven una buena impresi\u00f3n de nuestro municipio y disfruten de un entorno agradable.<\/p>\n<p>El presidente municipal, Jorge Aldana, coment\u00f3:<br \/>\n&#8220;Camargo bonito no es solo una frase, es una meta que estamos cumpliendo d\u00eda con d\u00eda. Queremos que esta Semana Santa nuestras familias y quienes nos visitan vean una ciudad limpia, cuidada y con espacios listos para disfrutarse.&#8221;<\/p>\n","protected":false},"excerpt":{"rendered":"<p>Desde hace varios d\u00edas, la Direcci\u00f3n de Servicios Municipales ha estado trabajando intensamente en las principales avenidas de la ciudad, con el objetivo de mantener limpio y presentable nuestro Camargo para recibir a los vacacionistas durante esta Semana Santa. Las cuadrillas han realizado labores de limpieza en calles, camellones y plazas, atendiendo los espacios p\u00fablicos que m\u00e1s visitan tanto las familias camarguenses como quienes nos visitan en estos d\u00edas de descanso. Nos comprometimos a tener una ciudad limpia, ordenada y bonita, y seguimos cumpliendo. Queremos que quienes lleguen a Camargo en esta temporada se lleven una buena impresi\u00f3n de nuestro municipio y disfruten de un entorno agradable. El presidente municipal, Jorge Aldana, coment\u00f3: &#8220;Camargo bonito no es solo una frase, es una meta que estamos cumpliendo d\u00eda con d\u00eda. Queremos que esta Semana Santa nuestras familias y quienes nos visitan vean una ciudad limpia, cuidada y con espacios listos para disfrutarse.&#8221;<\/p>\n","protected":false},"author":2,"featured_media":14252,"comment_status":"open","ping_status":"open","sticky":false,"template":"","format":"standard","meta":{"_monsterinsights_skip_tracking":false,"_monsterinsights_sitenote_active":false,"_monsterinsights_sitenote_note":"","_monsterinsights_sitenote_category":0,"advanced_seo_description":"","jetpack_seo_html_title":"","jetpack_seo_noindex":false,"_jetpack_memberships_contains_paid_content":false,"footnotes":"","jetpack_publicize_message":"","jetpack_publicize_feature_enabled":true,"jetpack_social_post_already_shared":true,"jetpack_social_options":{"image_generator_settings":{"template":"highway","enabled":false},"version":2}},"categories":[8,135,11],"tags":[],"class_list":["post-14251","post","type-post","status-publish","format-standard","has-post-thumbnail","hentry","category-estado","category-lo-mas-leido","category-principal"],"jetpack_publicize_connections":[],"jetpack_sharing_enabled":true,"jetpack_featured_media_url":"https:\/\/i0.wp.com\/alcierrenoticias.com\/wp-content\/uploads\/2025\/04\/WhatsApp-Image-2025-04-14-at-8.49.50-PM.jpeg?fit=1600%2C1200&ssl=1","amp_enabled":true,"_links":{"self":[{"href":"https:\/\/alcierrenoticias.com\/index.php\/wp-json\/wp\/v2\/posts\/14251","targetHints":{"allow":["GET"]}}],"collection":[{"href":"https:\/\/alcierrenoticias.com\/index.php\/wp-json\/wp\/v2\/posts"}],"about":[{"href":"https:\/\/alcierrenoticias.com\/index.php\/wp-json\/wp\/v2\/types\/post"}],"author":[{"embeddable":true,"href":"https:\/\/alcierrenoticias.com\/index.php\/wp-json\/wp\/v2\/users\/2"}],"replies":[{"embeddable":true,"href":"https:\/\/alcierrenoticias.com\/index.php\/wp-json\/wp\/v2\/comments?post=14251"}],"version-history":[{"count":1,"href":"https:\/\/alcierrenoticias.com\/index.php\/wp-json\/wp\/v2\/posts\/14251\/revisions"}],"predecessor-version":[{"id":14253,"href":"https:\/\/alcierrenoticias.com\/index.php\/wp-json\/wp\/v2\/posts\/14251\/revisions\/14253"}],"wp:featuredmedia":[{"embeddable":true,"href":"https:\/\/alcierrenoticias.com\/index.php\/wp-json\/wp\/v2\/media\/14252"}],"wp:attachment":[{"href":"https:\/\/alcierrenoticias.com\/index.php\/wp-json\/wp\/v2\/media?parent=14251"}],"wp:term":[{"taxonomy":"category","embeddable":true,"href":"https:\/\/alcierrenoticias.com\/index.php\/wp-json\/wp\/v2\/categories?post=14251"},{"taxonomy":"post_tag","embeddable":true,"href":"https:\/\/alcierrenoticias.com\/index.php\/wp-json\/wp\/v2\/tags?post=14251"}],"curies":[{"name":"wp","href":"https:\/\/api.w.org\/{rel}","templated":true}]}}