{"id":14194,"date":"2025-04-12T13:55:43","date_gmt":"2025-04-12T19:55:43","guid":{"rendered":"https:\/\/alcierrenoticias.com\/?p=14194"},"modified":"2025-04-13T19:24:30","modified_gmt":"2025-04-14T01:24:30","slug":"presidente-jorge-aldana-encabeza-arranque-regional-del-operativo-semana-santa-segura-2025","status":"publish","type":"post","link":"https:\/\/alcierrenoticias.com\/index.php\/2025\/04\/12\/presidente-jorge-aldana-encabeza-arranque-regional-del-operativo-semana-santa-segura-2025\/","title":{"rendered":"Presidente Jorge Aldana encabeza arranque regional del operativo Semana Santa Segura 2025."},"content":{"rendered":"<p>Con el objetivo de garantizar la seguridad y tranquilidad de las familias durante el per\u00edodo vacacional, el Presidente Municipal de Camargo, Jorge Aldana, dio por iniciado el Operativo de Semana Santa Segura 2025, el cual abarcar\u00e1 la zona centro-sur del estado, incluyendo los municipios de Camargo, Jim\u00e9nez, San Francisco de Conchos, Saucillo y La Cruz.<\/p>\n<p>El dispositivo de seguridad contempla la participaci\u00f3n diaria de 100 elementos activos, respaldados por 40 unidades de polic\u00eda, adem\u00e1s de la movilizaci\u00f3n de 8 ambulancias pertenecientes a Cruz Roja, \u00c1ngeles Blancos y URGE. Asimismo, se contar\u00e1 con tecnolog\u00eda de punta, como el uso de un dron de vigilancia y un veh\u00edculo tipo escorpi\u00f3n, para reforzar las tareas de monitoreo en puntos estrat\u00e9gicos.<\/p>\n<p>El Alcalde se\u00f1al\u00f3 que el operativo contar\u00e1 con la participaci\u00f3n de la Guardia Nacional, la SEDENA y la Secretar\u00eda de Seguridad P\u00fablica del Estado, sumando esfuerzos entre corporaciones municipales y los tres niveles de gobierno para resguardar y cuidar a los visitantes de la regi\u00f3n durante este per\u00edodo vacacional.<\/p>\n<p>A nivel local, Polic\u00eda Municipal y Vial, Protecci\u00f3n Civil y Bomberos estar\u00e1n plenamente coordinados y en total disposici\u00f3n para trabajar de manera conjunta con las instancias estatales y federales. Como parte de las acciones del operativo, tambi\u00e9n se reforzar\u00e1 la operatividad del C7, en coordinaci\u00f3n con la Secretar\u00eda de Seguridad P\u00fablica, para asegurar una respuesta oportuna ante cualquier incidente.<\/p>\n<p>Entre los puntos prioritarios del operativo se encuentran las principales zonas recreativas del municipio y sus alrededores, tales como los balnearios del Ojo Caliente, en San Francisco de Conchos, La Boquilla y los centros de esparcimiento en Jim\u00e9nez. Adem\u00e1s, se implementar\u00e1 un esquema especial de vigilancia en el centro de la ciudad de Camargo durante los cuatro d\u00edas del Camargo Fest 2025, del 17 al 20 de abril. Durante este festival se espera recibir a m\u00e1s de 25 mil visitantes, con una ocupaci\u00f3n hotelera del 100%, superando las cifras del a\u00f1o pasado, cuando se registr\u00f3 una afluencia de 22 mil personas y una derrama econ\u00f3mica de m\u00e1s de 20 millones de pesos.<\/p>\n<p>&#8220;Estamos haciendo todo lo necesario y posible para que todos los que nos visiten aqu\u00ed en Camargo y sus alrededores puedan disfrutar de unas vacaciones sin contratiempos&#8221;, concluy\u00f3 el Presidente Municipal.<\/p>\n","protected":false},"excerpt":{"rendered":"<p>Con el objetivo de garantizar la seguridad y tranquilidad de las familias durante el per\u00edodo vacacional, el Presidente Municipal de Camargo, Jorge Aldana, dio por iniciado el Operativo de Semana Santa Segura 2025, el cual abarcar\u00e1 la zona centro-sur del estado, incluyendo los municipios de Camargo, Jim\u00e9nez, San Francisco de Conchos, Saucillo y La Cruz. El dispositivo de seguridad contempla la participaci\u00f3n diaria de 100 elementos activos, respaldados por 40 unidades de polic\u00eda, adem\u00e1s de la movilizaci\u00f3n de 8 ambulancias pertenecientes a Cruz Roja, \u00c1ngeles Blancos y URGE. Asimismo, se contar\u00e1 con tecnolog\u00eda de punta, como el uso de un dron de vigilancia y un veh\u00edculo tipo escorpi\u00f3n, para reforzar las tareas de monitoreo en puntos estrat\u00e9gicos. El Alcalde se\u00f1al\u00f3 que el operativo contar\u00e1 con la participaci\u00f3n de la Guardia Nacional, la SEDENA y la Secretar\u00eda de Seguridad P\u00fablica del Estado, sumando esfuerzos entre corporaciones municipales y los tres niveles de gobierno para resguardar y cuidar a los visitantes de la regi\u00f3n durante este per\u00edodo vacacional. A nivel local, Polic\u00eda Municipal y Vial, Protecci\u00f3n Civil y Bomberos estar\u00e1n plenamente coordinados y en total disposici\u00f3n para trabajar de manera conjunta con las instancias estatales y federales. Como parte de las acciones del operativo, tambi\u00e9n se reforzar\u00e1 la operatividad del C7, en coordinaci\u00f3n con la Secretar\u00eda de Seguridad P\u00fablica, para asegurar una respuesta oportuna ante cualquier incidente. Entre los puntos prioritarios del operativo se encuentran las principales zonas recreativas del municipio y sus alrededores, tales como los balnearios del Ojo Caliente, en San Francisco de Conchos, La Boquilla y los centros de esparcimiento en Jim\u00e9nez. Adem\u00e1s, se implementar\u00e1 un esquema especial de vigilancia en el centro de la ciudad de Camargo durante los cuatro d\u00edas del Camargo Fest 2025, del 17 al 20 de abril. Durante este festival se espera recibir a m\u00e1s de 25 mil visitantes, con una ocupaci\u00f3n hotelera del 100%, superando las cifras del a\u00f1o pasado, cuando se registr\u00f3 una afluencia de 22 mil personas y una derrama econ\u00f3mica de m\u00e1s de 20 millones de pesos. &#8220;Estamos haciendo todo lo necesario y posible para que todos los que nos visiten aqu\u00ed en Camargo y sus alrededores puedan disfrutar de unas vacaciones sin contratiempos&#8221;, concluy\u00f3 el Presidente Municipal.<\/p>\n","protected":false},"author":2,"featured_media":14196,"comment_status":"open","ping_status":"open","sticky":false,"template":"","format":"standard","meta":{"_monsterinsights_skip_tracking":false,"_monsterinsights_sitenote_active":false,"_monsterinsights_sitenote_note":"","_monsterinsights_sitenote_category":0,"advanced_seo_description":"","jetpack_seo_html_title":"","jetpack_seo_noindex":false,"_jetpack_memberships_contains_paid_content":false,"footnotes":"","jetpack_publicize_message":"","jetpack_publicize_feature_enabled":true,"jetpack_social_post_already_shared":true,"jetpack_social_options":{"image_generator_settings":{"template":"highway","enabled":false},"version":2}},"categories":[8,135,11],"tags":[],"class_list":["post-14194","post","type-post","status-publish","format-standard","has-post-thumbnail","hentry","category-estado","category-lo-mas-leido","category-principal"],"jetpack_publicize_connections":[],"jetpack_sharing_enabled":true,"jetpack_featured_media_url":"https:\/\/i0.wp.com\/alcierrenoticias.com\/wp-content\/uploads\/2025\/04\/WhatsApp-Image-2025-04-12-at-1.53.51-PM.jpeg?fit=1600%2C1066&ssl=1","amp_enabled":true,"_links":{"self":[{"href":"https:\/\/alcierrenoticias.com\/index.php\/wp-json\/wp\/v2\/posts\/14194","targetHints":{"allow":["GET"]}}],"collection":[{"href":"https:\/\/alcierrenoticias.com\/index.php\/wp-json\/wp\/v2\/posts"}],"about":[{"href":"https:\/\/alcierrenoticias.com\/index.php\/wp-json\/wp\/v2\/types\/post"}],"author":[{"embeddable":true,"href":"https:\/\/alcierrenoticias.com\/index.php\/wp-json\/wp\/v2\/users\/2"}],"replies":[{"embeddable":true,"href":"https:\/\/alcierrenoticias.com\/index.php\/wp-json\/wp\/v2\/comments?post=14194"}],"version-history":[{"count":2,"href":"https:\/\/alcierrenoticias.com\/index.php\/wp-json\/wp\/v2\/posts\/14194\/revisions"}],"predecessor-version":[{"id":14197,"href":"https:\/\/alcierrenoticias.com\/index.php\/wp-json\/wp\/v2\/posts\/14194\/revisions\/14197"}],"wp:featuredmedia":[{"embeddable":true,"href":"https:\/\/alcierrenoticias.com\/index.php\/wp-json\/wp\/v2\/media\/14196"}],"wp:attachment":[{"href":"https:\/\/alcierrenoticias.com\/index.php\/wp-json\/wp\/v2\/media?parent=14194"}],"wp:term":[{"taxonomy":"category","embeddable":true,"href":"https:\/\/alcierrenoticias.com\/index.php\/wp-json\/wp\/v2\/categories?post=14194"},{"taxonomy":"post_tag","embeddable":true,"href":"https:\/\/alcierrenoticias.com\/index.php\/wp-json\/wp\/v2\/tags?post=14194"}],"curies":[{"name":"wp","href":"https:\/\/api.w.org\/{rel}","templated":true}]}}