{"id":1416,"date":"2023-03-30T20:30:53","date_gmt":"2023-03-31T03:30:53","guid":{"rendered":"https:\/\/alcierrenoticias.com\/?p=1416"},"modified":"2023-03-30T20:30:53","modified_gmt":"2023-03-31T03:30:53","slug":"lleva-presidencia-delicias-el-programa-en-tu-escuela-al-conalep","status":"publish","type":"post","link":"https:\/\/alcierrenoticias.com\/index.php\/2023\/03\/30\/lleva-presidencia-delicias-el-programa-en-tu-escuela-al-conalep\/","title":{"rendered":"Lleva presidencia Delicias el programa \u201cEN TU ESCUELA\u201d al CONALEP."},"content":{"rendered":"<p>Por instrucci\u00f3n del Alcalde Jes\u00fas Valenciano, el director de Servicios P\u00fablicos Municipales, Alejandro Bad\u00eda, en compa\u00f1\u00eda de regidores, y dem\u00e1s autoridades municipales, llev\u00f3 el programa <em>\u201cEn Tu Escuela\u201d <\/em>al CONALEP 208.<\/p>\n<p>&nbsp;<\/p>\n<p>Este programa consiste en apoyar a las escuelas en la mejora de su infraestructura y la gesti\u00f3n de diferentes necesidades de la comunidad escolar, por lo que Bad\u00eda invit\u00f3 a los estudiantes y docentes, acercarse a los diferentes stands para solicitar anteojos, citas m\u00e9dicas e incluso para exponer sus necesidades con la s\u00edndica, directores y regidores.<\/p>\n<p><img data-recalc-dims=\"1\" fetchpriority=\"high\" decoding=\"async\" class=\"alignnone  wp-image-1419\" src=\"https:\/\/i0.wp.com\/alcierrenoticias.com\/wp-content\/uploads\/2023\/03\/WhatsApp-Image-2023-03-29-at-7.00.47-PM-2.jpeg?resize=750%2C500&#038;ssl=1\" alt=\"\" width=\"750\" height=\"500\" srcset=\"https:\/\/i0.wp.com\/alcierrenoticias.com\/wp-content\/uploads\/2023\/03\/WhatsApp-Image-2023-03-29-at-7.00.47-PM-2.jpeg?resize=300%2C200&amp;ssl=1 300w, https:\/\/i0.wp.com\/alcierrenoticias.com\/wp-content\/uploads\/2023\/03\/WhatsApp-Image-2023-03-29-at-7.00.47-PM-2.jpeg?resize=768%2C512&amp;ssl=1 768w, https:\/\/i0.wp.com\/alcierrenoticias.com\/wp-content\/uploads\/2023\/03\/WhatsApp-Image-2023-03-29-at-7.00.47-PM-2.jpeg?w=1024&amp;ssl=1 1024w\" sizes=\"(max-width: 750px) 100vw, 750px\" \/><\/p>\n<p>Asimismo, dio a conocer que el proyecto del CONALEP 208 fue uno de los ganadores dentro de la din\u00e1mica del Presupuesto Participativo 2023, con la propuesta de la adquisici\u00f3n e instalaci\u00f3n de celdas solares, a lo que el director de dicha escuela, Ra\u00fal Carmona, aplaudi\u00f3 la din\u00e1mica, ya que con ello democratizan la toma de decisiones de inversi\u00f3n de \u00edndole municipal.<\/p>\n<p>&nbsp;<\/p>\n<p>Por \u00faltimo, Ra\u00fal Carmona, director del CONALEP, reconoci\u00f3 el apoyo del Presidente Municipal, Jes\u00fas Valenciano, en representaci\u00f3n a las instituciones educativas que se ven beneficiadas con este programa que promueve espacios dignos para la educaci\u00f3n.<\/p>\n","protected":false},"excerpt":{"rendered":"<p>Por instrucci\u00f3n del Alcalde Jes\u00fas Valenciano, el director de Servicios P\u00fablicos Municipales, Alejandro Bad\u00eda, en compa\u00f1\u00eda de regidores, y dem\u00e1s autoridades municipales, llev\u00f3 el programa \u201cEn Tu Escuela\u201d al CONALEP 208. &nbsp; Este programa consiste en apoyar a las escuelas en la mejora de su infraestructura y la gesti\u00f3n de diferentes necesidades de la comunidad escolar, por lo que Bad\u00eda invit\u00f3 a los estudiantes y docentes, acercarse a los diferentes stands para solicitar anteojos, citas m\u00e9dicas e incluso para exponer sus necesidades con la s\u00edndica, directores y regidores. Asimismo, dio a conocer que el proyecto del CONALEP 208 fue uno de los ganadores dentro de la din\u00e1mica del Presupuesto Participativo 2023, con la propuesta de la adquisici\u00f3n e instalaci\u00f3n de celdas solares, a lo que el director de dicha escuela, Ra\u00fal Carmona, aplaudi\u00f3 la din\u00e1mica, ya que con ello democratizan la toma de decisiones de inversi\u00f3n de \u00edndole municipal. &nbsp; Por \u00faltimo, Ra\u00fal Carmona, director del CONALEP, reconoci\u00f3 el apoyo del Presidente Municipal, Jes\u00fas Valenciano, en representaci\u00f3n a las instituciones educativas que se ven beneficiadas con este programa que promueve espacios dignos para la educaci\u00f3n.<\/p>\n","protected":false},"author":2,"featured_media":1418,"comment_status":"open","ping_status":"open","sticky":false,"template":"","format":"standard","meta":{"_monsterinsights_skip_tracking":false,"_monsterinsights_sitenote_active":false,"_monsterinsights_sitenote_note":"","_monsterinsights_sitenote_category":0,"advanced_seo_description":"","jetpack_seo_html_title":"","jetpack_seo_noindex":false,"_jetpack_memberships_contains_paid_content":false,"footnotes":"","jetpack_publicize_message":"","jetpack_publicize_feature_enabled":true,"jetpack_social_post_already_shared":true,"jetpack_social_options":{"image_generator_settings":{"template":"highway","enabled":false},"version":2}},"categories":[135,7,11],"tags":[],"class_list":["post-1416","post","type-post","status-publish","format-standard","has-post-thumbnail","hentry","category-lo-mas-leido","category-local","category-principal"],"jetpack_publicize_connections":[],"jetpack_sharing_enabled":true,"jetpack_featured_media_url":"https:\/\/i0.wp.com\/alcierrenoticias.com\/wp-content\/uploads\/2023\/03\/WhatsApp-Image-2023-03-29-at-7.00.47-PM-1.jpeg?fit=1024%2C538&ssl=1","amp_enabled":true,"_links":{"self":[{"href":"https:\/\/alcierrenoticias.com\/index.php\/wp-json\/wp\/v2\/posts\/1416","targetHints":{"allow":["GET"]}}],"collection":[{"href":"https:\/\/alcierrenoticias.com\/index.php\/wp-json\/wp\/v2\/posts"}],"about":[{"href":"https:\/\/alcierrenoticias.com\/index.php\/wp-json\/wp\/v2\/types\/post"}],"author":[{"embeddable":true,"href":"https:\/\/alcierrenoticias.com\/index.php\/wp-json\/wp\/v2\/users\/2"}],"replies":[{"embeddable":true,"href":"https:\/\/alcierrenoticias.com\/index.php\/wp-json\/wp\/v2\/comments?post=1416"}],"version-history":[{"count":1,"href":"https:\/\/alcierrenoticias.com\/index.php\/wp-json\/wp\/v2\/posts\/1416\/revisions"}],"predecessor-version":[{"id":1420,"href":"https:\/\/alcierrenoticias.com\/index.php\/wp-json\/wp\/v2\/posts\/1416\/revisions\/1420"}],"wp:featuredmedia":[{"embeddable":true,"href":"https:\/\/alcierrenoticias.com\/index.php\/wp-json\/wp\/v2\/media\/1418"}],"wp:attachment":[{"href":"https:\/\/alcierrenoticias.com\/index.php\/wp-json\/wp\/v2\/media?parent=1416"}],"wp:term":[{"taxonomy":"category","embeddable":true,"href":"https:\/\/alcierrenoticias.com\/index.php\/wp-json\/wp\/v2\/categories?post=1416"},{"taxonomy":"post_tag","embeddable":true,"href":"https:\/\/alcierrenoticias.com\/index.php\/wp-json\/wp\/v2\/tags?post=1416"}],"curies":[{"name":"wp","href":"https:\/\/api.w.org\/{rel}","templated":true}]}}